{"id":983,"date":"2015-03-07T20:16:25","date_gmt":"2015-03-07T19:16:25","guid":{"rendered":"http:\/\/support.rentila.com\/?p=983"},"modified":"2019-09-29T16:36:33","modified_gmt":"2019-09-29T14:36:33","slug":"location-desactivee-suite-a-inactivite-compte","status":"publish","type":"post","link":"https:\/\/www.rentila.com.br\/support\/archives\/983","title":{"rendered":"Aluguel desativado"},"content":{"rendered":"<p>Um arrendamento pode ser desativado pelas seguintes raz\u00f5es:<\/p>\n<ul>\n<li><strong>Arrendamento finalizado<\/strong>. A caixa Renovar n\u00e3o est\u00e1 marcada.<\/li>\n<li>Se n\u00e3o acedeu \u00e0 sua conta durante v\u00e1rios meses, o site <strong>desativar\u00e1 os seus arrendamentos automaticamente<\/strong>.<\/li>\n<\/ul>\n<p>No primeiro caso, deve <strong>modificar-se<\/strong>, marque a caixa <strong>Renovar<\/strong> e guarde, depois <strong>active-a<\/strong> atrav\u00e9s das a\u00e7\u00f5es, \u00e0 direita.<\/p>\n<p><b>Contudo, pode reativa-los <\/b>a partir da sec\u00e7\u00e3o Arrendamentos com o bot\u00e3o de a\u00e7\u00e3o, \u00e0 direita.<\/p>\n<p>Tamb\u00e9m pode <b>recriar os pagamentos <\/b>a partir do mesmo menu de a\u00e7\u00f5es, \u00e0 direita.<\/p>\n","protected":false},"excerpt":{"rendered":"<p>Um arrendamento pode ser desativado pelas seguintes raz\u00f5es: Arrendamento finalizado. A caixa Renovar n\u00e3o est\u00e1 marcada. Se n\u00e3o acedeu \u00e0 sua conta durante v\u00e1rios meses, o site desativar\u00e1 os seus arrendamentos automaticamente. No primeiro caso, deve modificar-se, marque a caixa Renovar e guarde, depois active-a atrav\u00e9s das a\u00e7\u00f5es, \u00e0 direita. Contudo, pode reativa-los a partir<\/p>\n","protected":false},"author":1,"featured_media":0,"comment_status":"closed","ping_status":"closed","sticky":false,"template":"","format":"standard","meta":{"footnotes":""},"categories":[7],"tags":[25],"class_list":["post-983","post","type-post","status-publish","format-standard","hentry","category-alugueis","tag-aluguel"],"yoast_head":"<!-- This site is optimized with the Yoast SEO plugin v27.3 - https:\/\/yoast.com\/product\/yoast-seo-wordpress\/ -->\n<title>Aluguel desativado Centro de ajuda - Rentila<\/title>\n<meta name=\"robots\" content=\"index, follow, max-snippet:-1, max-image-preview:large, max-video-preview:-1\" \/>\n<link rel=\"canonical\" href=\"https:\/\/www.rentila.com.br\/support\/archives\/983\" \/>\n<meta property=\"og:locale\" content=\"pt_BR\" \/>\n<meta property=\"og:type\" content=\"article\" \/>\n<meta property=\"og:title\" content=\"Aluguel desativado Centro de ajuda - Rentila\" \/>\n<meta property=\"og:description\" content=\"Um arrendamento pode ser desativado pelas seguintes raz\u00f5es: Arrendamento finalizado. A caixa Renovar n\u00e3o est\u00e1 marcada. Se n\u00e3o acedeu \u00e0 sua conta durante v\u00e1rios meses, o site desativar\u00e1 os seus arrendamentos automaticamente. No primeiro caso, deve modificar-se, marque a caixa Renovar e guarde, depois active-a atrav\u00e9s das a\u00e7\u00f5es, \u00e0 direita. Contudo, pode reativa-los a partir\" \/>\n<meta property=\"og:url\" content=\"https:\/\/www.rentila.com.br\/support\/archives\/983\" \/>\n<meta property=\"og:site_name\" content=\"Centro de ajuda - Rentila\" \/>\n<meta property=\"article:published_time\" content=\"2015-03-07T19:16:25+00:00\" \/>\n<meta property=\"article:modified_time\" content=\"2019-09-29T14:36:33+00:00\" \/>\n<meta name=\"author\" content=\"admin\" \/>\n<meta name=\"twitter:card\" content=\"summary_large_image\" \/>\n<meta name=\"twitter:label1\" content=\"Escrito por\" \/>\n\t<meta name=\"twitter:data1\" content=\"admin\" \/>\n<script type=\"application\/ld+json\" class=\"yoast-schema-graph\">{\"@context\":\"https:\\\/\\\/schema.org\",\"@graph\":[{\"@type\":\"Article\",\"@id\":\"https:\\\/\\\/www.rentila.com.br\\\/support\\\/archives\\\/983#article\",\"isPartOf\":{\"@id\":\"https:\\\/\\\/www.rentila.com.br\\\/support\\\/archives\\\/983\"},\"author\":{\"name\":\"admin\",\"@id\":\"https:\\\/\\\/www.rentila.com.br\\\/support\\\/#\\\/schema\\\/person\\\/7d13cbb4af92e7b547bc5a65582f3084\"},\"headline\":\"Aluguel desativado\",\"datePublished\":\"2015-03-07T19:16:25+00:00\",\"dateModified\":\"2019-09-29T14:36:33+00:00\",\"mainEntityOfPage\":{\"@id\":\"https:\\\/\\\/www.rentila.com.br\\\/support\\\/archives\\\/983\"},\"wordCount\":88,\"keywords\":[\"Aluguel\"],\"articleSection\":[\"Alugu\u00e9is\"],\"inLanguage\":\"pt-BR\"},{\"@type\":\"WebPage\",\"@id\":\"https:\\\/\\\/www.rentila.com.br\\\/support\\\/archives\\\/983\",\"url\":\"https:\\\/\\\/www.rentila.com.br\\\/support\\\/archives\\\/983\",\"name\":\"Aluguel desativado Centro de ajuda - Rentila\",\"isPartOf\":{\"@id\":\"https:\\\/\\\/www.rentila.com.br\\\/support\\\/#website\"},\"datePublished\":\"2015-03-07T19:16:25+00:00\",\"dateModified\":\"2019-09-29T14:36:33+00:00\",\"author\":{\"@id\":\"https:\\\/\\\/www.rentila.com.br\\\/support\\\/#\\\/schema\\\/person\\\/7d13cbb4af92e7b547bc5a65582f3084\"},\"breadcrumb\":{\"@id\":\"https:\\\/\\\/www.rentila.com.br\\\/support\\\/archives\\\/983#breadcrumb\"},\"inLanguage\":\"pt-BR\",\"potentialAction\":[{\"@type\":\"ReadAction\",\"target\":[\"https:\\\/\\\/www.rentila.com.br\\\/support\\\/archives\\\/983\"]}]},{\"@type\":\"BreadcrumbList\",\"@id\":\"https:\\\/\\\/www.rentila.com.br\\\/support\\\/archives\\\/983#breadcrumb\",\"itemListElement\":[{\"@type\":\"ListItem\",\"position\":1,\"name\":\"Accueil\",\"item\":\"https:\\\/\\\/www.rentila.com.br\\\/support\\\/\"},{\"@type\":\"ListItem\",\"position\":2,\"name\":\"Aluguel desativado\"}]},{\"@type\":\"WebSite\",\"@id\":\"https:\\\/\\\/www.rentila.com.br\\\/support\\\/#website\",\"url\":\"https:\\\/\\\/www.rentila.com.br\\\/support\\\/\",\"name\":\"Centro de ajuda - Rentila\",\"description\":\"\",\"potentialAction\":[{\"@type\":\"SearchAction\",\"target\":{\"@type\":\"EntryPoint\",\"urlTemplate\":\"https:\\\/\\\/www.rentila.com.br\\\/support\\\/?s={search_term_string}\"},\"query-input\":{\"@type\":\"PropertyValueSpecification\",\"valueRequired\":true,\"valueName\":\"search_term_string\"}}],\"inLanguage\":\"pt-BR\"},{\"@type\":\"Person\",\"@id\":\"https:\\\/\\\/www.rentila.com.br\\\/support\\\/#\\\/schema\\\/person\\\/7d13cbb4af92e7b547bc5a65582f3084\",\"name\":\"admin\",\"image\":{\"@type\":\"ImageObject\",\"inLanguage\":\"pt-BR\",\"@id\":\"https:\\\/\\\/secure.gravatar.com\\\/avatar\\\/20e4a7d3e81bf2b540f56b8c153cb632e62dc95802d33694aa38846415dc20d1?s=96&d=mm&r=g\",\"url\":\"https:\\\/\\\/secure.gravatar.com\\\/avatar\\\/20e4a7d3e81bf2b540f56b8c153cb632e62dc95802d33694aa38846415dc20d1?s=96&d=mm&r=g\",\"contentUrl\":\"https:\\\/\\\/secure.gravatar.com\\\/avatar\\\/20e4a7d3e81bf2b540f56b8c153cb632e62dc95802d33694aa38846415dc20d1?s=96&d=mm&r=g\",\"caption\":\"admin\"},\"url\":\"https:\\\/\\\/www.rentila.com.br\\\/support\\\/archives\\\/author\\\/admin\"}]}<\/script>\n<!-- \/ Yoast SEO plugin. -->","yoast_head_json":{"title":"Aluguel desativado Centro de ajuda - Rentila","robots":{"index":"index","follow":"follow","max-snippet":"max-snippet:-1","max-image-preview":"max-image-preview:large","max-video-preview":"max-video-preview:-1"},"canonical":"https:\/\/www.rentila.com.br\/support\/archives\/983","og_locale":"pt_BR","og_type":"article","og_title":"Aluguel desativado Centro de ajuda - Rentila","og_description":"Um arrendamento pode ser desativado pelas seguintes raz\u00f5es: Arrendamento finalizado. A caixa Renovar n\u00e3o est\u00e1 marcada. Se n\u00e3o acedeu \u00e0 sua conta durante v\u00e1rios meses, o site desativar\u00e1 os seus arrendamentos automaticamente. No primeiro caso, deve modificar-se, marque a caixa Renovar e guarde, depois active-a atrav\u00e9s das a\u00e7\u00f5es, \u00e0 direita. Contudo, pode reativa-los a partir","og_url":"https:\/\/www.rentila.com.br\/support\/archives\/983","og_site_name":"Centro de ajuda - Rentila","article_published_time":"2015-03-07T19:16:25+00:00","article_modified_time":"2019-09-29T14:36:33+00:00","author":"admin","twitter_card":"summary_large_image","twitter_misc":{"Escrito por":"admin"},"schema":{"@context":"https:\/\/schema.org","@graph":[{"@type":"Article","@id":"https:\/\/www.rentila.com.br\/support\/archives\/983#article","isPartOf":{"@id":"https:\/\/www.rentila.com.br\/support\/archives\/983"},"author":{"name":"admin","@id":"https:\/\/www.rentila.com.br\/support\/#\/schema\/person\/7d13cbb4af92e7b547bc5a65582f3084"},"headline":"Aluguel desativado","datePublished":"2015-03-07T19:16:25+00:00","dateModified":"2019-09-29T14:36:33+00:00","mainEntityOfPage":{"@id":"https:\/\/www.rentila.com.br\/support\/archives\/983"},"wordCount":88,"keywords":["Aluguel"],"articleSection":["Alugu\u00e9is"],"inLanguage":"pt-BR"},{"@type":"WebPage","@id":"https:\/\/www.rentila.com.br\/support\/archives\/983","url":"https:\/\/www.rentila.com.br\/support\/archives\/983","name":"Aluguel desativado Centro de ajuda - Rentila","isPartOf":{"@id":"https:\/\/www.rentila.com.br\/support\/#website"},"datePublished":"2015-03-07T19:16:25+00:00","dateModified":"2019-09-29T14:36:33+00:00","author":{"@id":"https:\/\/www.rentila.com.br\/support\/#\/schema\/person\/7d13cbb4af92e7b547bc5a65582f3084"},"breadcrumb":{"@id":"https:\/\/www.rentila.com.br\/support\/archives\/983#breadcrumb"},"inLanguage":"pt-BR","potentialAction":[{"@type":"ReadAction","target":["https:\/\/www.rentila.com.br\/support\/archives\/983"]}]},{"@type":"BreadcrumbList","@id":"https:\/\/www.rentila.com.br\/support\/archives\/983#breadcrumb","itemListElement":[{"@type":"ListItem","position":1,"name":"Accueil","item":"https:\/\/www.rentila.com.br\/support\/"},{"@type":"ListItem","position":2,"name":"Aluguel desativado"}]},{"@type":"WebSite","@id":"https:\/\/www.rentila.com.br\/support\/#website","url":"https:\/\/www.rentila.com.br\/support\/","name":"Centro de ajuda - Rentila","description":"","potentialAction":[{"@type":"SearchAction","target":{"@type":"EntryPoint","urlTemplate":"https:\/\/www.rentila.com.br\/support\/?s={search_term_string}"},"query-input":{"@type":"PropertyValueSpecification","valueRequired":true,"valueName":"search_term_string"}}],"inLanguage":"pt-BR"},{"@type":"Person","@id":"https:\/\/www.rentila.com.br\/support\/#\/schema\/person\/7d13cbb4af92e7b547bc5a65582f3084","name":"admin","image":{"@type":"ImageObject","inLanguage":"pt-BR","@id":"https:\/\/secure.gravatar.com\/avatar\/20e4a7d3e81bf2b540f56b8c153cb632e62dc95802d33694aa38846415dc20d1?s=96&d=mm&r=g","url":"https:\/\/secure.gravatar.com\/avatar\/20e4a7d3e81bf2b540f56b8c153cb632e62dc95802d33694aa38846415dc20d1?s=96&d=mm&r=g","contentUrl":"https:\/\/secure.gravatar.com\/avatar\/20e4a7d3e81bf2b540f56b8c153cb632e62dc95802d33694aa38846415dc20d1?s=96&d=mm&r=g","caption":"admin"},"url":"https:\/\/www.rentila.com.br\/support\/archives\/author\/admin"}]}},"_links":{"self":[{"href":"https:\/\/www.rentila.com.br\/support\/wp-json\/wp\/v2\/posts\/983","targetHints":{"allow":["GET"]}}],"collection":[{"href":"https:\/\/www.rentila.com.br\/support\/wp-json\/wp\/v2\/posts"}],"about":[{"href":"https:\/\/www.rentila.com.br\/support\/wp-json\/wp\/v2\/types\/post"}],"author":[{"embeddable":true,"href":"https:\/\/www.rentila.com.br\/support\/wp-json\/wp\/v2\/users\/1"}],"replies":[{"embeddable":true,"href":"https:\/\/www.rentila.com.br\/support\/wp-json\/wp\/v2\/comments?post=983"}],"version-history":[{"count":11,"href":"https:\/\/www.rentila.com.br\/support\/wp-json\/wp\/v2\/posts\/983\/revisions"}],"predecessor-version":[{"id":2640,"href":"https:\/\/www.rentila.com.br\/support\/wp-json\/wp\/v2\/posts\/983\/revisions\/2640"}],"wp:attachment":[{"href":"https:\/\/www.rentila.com.br\/support\/wp-json\/wp\/v2\/media?parent=983"}],"wp:term":[{"taxonomy":"category","embeddable":true,"href":"https:\/\/www.rentila.com.br\/support\/wp-json\/wp\/v2\/categories?post=983"},{"taxonomy":"post_tag","embeddable":true,"href":"https:\/\/www.rentila.com.br\/support\/wp-json\/wp\/v2\/tags?post=983"}],"curies":[{"name":"wp","href":"https:\/\/api.w.org\/{rel}","templated":true}]}}