{"id":77,"date":"2014-07-08T21:00:10","date_gmt":"2014-07-08T19:00:10","guid":{"rendered":"http:\/\/support.rentila.com\/?p=77"},"modified":"2019-09-29T17:29:43","modified_gmt":"2019-09-29T15:29:43","slug":"creer-ou-modifier-un-locataire","status":"publish","type":"post","link":"https:\/\/www.rentila.com.br\/support\/archives\/77","title":{"rendered":"Criar um Inquilino"},"content":{"rendered":"<h3>Criar um inquilino<\/h3>\n<p>Para juntar um inquilino, clique em <b>Novo inquilino<\/b>, complete os campos e clique em <b>Guardar<\/b>.<\/p>\n<p>Para cada inquilino pode inserir:<\/p>\n<ul>\n<li>O <strong>tipo<\/strong>,<\/li>\n<li>O <strong>nome do inquilino<\/strong> e a <strong>empresa<\/strong>,<\/li>\n<li>O<strong> Email<\/strong> (para convidar o seu inquilino)<\/li>\n<li>A <strong>morada<\/strong> e outra <strong>informa\u00e7\u00e3o de contacto<\/strong>,<\/li>\n<li><strong>Informa\u00e7\u00e3o profissional<\/strong>,<\/li>\n<li>Informa\u00e7\u00e3o sobre as <strong>garantias<\/strong>,<\/li>\n<li><strong>Informa\u00e7\u00e3o banc\u00e1ria<\/strong>,<\/li>\n<li>Adicionar <strong>documentos<\/strong>.<\/li>\n<\/ul>\n<p>Parte desta informa\u00e7\u00e3o usa-se para preencher as <strong>modelos de documentos<\/strong>.<\/p>\n<h3>Convide o seu inquilino<\/h3>\n<div class=\"alert alert-info\">\n<p>Se voc\u00ea quiser <b> dar ao inquilino acesso aos seus dados <\/b>, insira o seu <b> endere\u00e7o de e-mail <\/b> e envie-lhe um convite para se juntar ao Rentila. Depois de aceitar o convite, o inquilino pode acessar e gerir a sua conta, fazer download de faturas de arrendamento, enviar mensagens e muito mais.<\/p>\n<\/div>\n<p>Aqui est\u00e1 o processo:<\/p>\n<ol>\n<li><strong>Criar o registo<\/strong> do inquilino.<\/li>\n<li><strong>Inserir o endere\u00e7o de e-mail<\/strong> do inquilino (um endere\u00e7o \u00fanico por inquilino) e ativar o convite.<\/li>\n<li><strong>Guardar<\/strong> o inquilino.<\/li>\n<li>O inquilino <strong>recebe um convite<\/strong> por e-mail.<\/li>\n<li>O inquilino faz <strong>clique no link do convite<\/strong>,\u00a0<strong>confirma a sua conta<\/strong> e cria a sua senha.<\/li>\n<\/ol>\n<div class=\"alert alert-info\">\n<p>N\u00e3o \u00e9 obrigat\u00f3rio convidar o seu inquilino e pode sempre faz\u00ea-lo mais tarde. Um bot\u00e3o <b> Convidar <\/b> estar\u00e1 dispon\u00edvel na sec\u00e7\u00e3o Inquilinos para cada inquilino. Este bot\u00e3o estar\u00e1 sempre presente, desde que ele n\u00e3o tenha ainda aceite o convite. O bot\u00e3o desaparecer\u00e1 quando o convite for aceito.<\/p>\n<p>O inquilino tem acesso \u00e0 sua \u00e1rea de membro como inquilino e s\u00f3 v\u00ea a seguinte informa\u00e7\u00e3o:<\/p>\n<ul>\n<li><strong>Faturas<\/strong>, Recibos e Avisos de pagamento vencidos<\/li>\n<li>Detalhes de contacto do propriet\u00e1rio<\/li>\n<li>Detalhes do <strong>Arrendamento<\/strong><\/li>\n<li>Qualquer <strong>Documento partilhado<\/strong><\/li>\n<li>Enviar\u00a0<strong>Mensagens<\/strong><\/li>\n<li>Gerir <strong>Tarefas<\/strong><\/li>\n<\/ul>\n<p>Os inquilinos conectados, com acesso ao Rentila, recebem uma <strong>notifica\u00e7\u00e3o autom\u00e1tica por e-mail<\/strong> sobre a <strong>gera\u00e7\u00e3o de sua fatura de arrendamento<\/strong>. Esta op\u00e7\u00e3o pode ser ativada \/ desativada para cada Arrendamento.<\/p>\n<\/div>\n<p>Porqu\u00ea dar acesso \u00e0 conta do inquilino?<\/p>\n<div class=\"alert m-t-20\">\n<p>O novo regulamento Europeu de prote\u00e7\u00e3o de dados (GDPR) entrou em vigor a 25 de maio de 2018.<\/p>\n<p>Os utilizadores, os inquilinos, devem ser informados do uso dos seus dados e, em princ\u00edpio, devem aceitar o processamento dos seus dados, ter acesso aos mesmos ou poderem eventualmente opor-se.<\/p>\n<\/div>\n","protected":false},"excerpt":{"rendered":"<p>Criar um inquilino Para juntar um inquilino, clique em Novo inquilino, complete os campos e clique em Guardar. Para cada inquilino pode inserir: O tipo, O nome do inquilino e a empresa, O Email (para convidar o seu inquilino) A morada e outra informa\u00e7\u00e3o de contacto, Informa\u00e7\u00e3o profissional, Informa\u00e7\u00e3o sobre as garantias, Informa\u00e7\u00e3o banc\u00e1ria, Adicionar<\/p>\n","protected":false},"author":1,"featured_media":0,"comment_status":"closed","ping_status":"closed","sticky":false,"template":"","format":"standard","meta":{"footnotes":""},"categories":[8],"tags":[24],"class_list":["post-77","post","type-post","status-publish","format-standard","hentry","category-tenants","tag-inquilinos"],"yoast_head":"<!-- This site is optimized with the Yoast SEO plugin v27.3 - https:\/\/yoast.com\/product\/yoast-seo-wordpress\/ -->\n<title>Criar um Inquilino Centro de ajuda - Rentila<\/title>\n<meta name=\"robots\" content=\"index, follow, max-snippet:-1, max-image-preview:large, max-video-preview:-1\" \/>\n<link rel=\"canonical\" href=\"https:\/\/www.rentila.com.br\/support\/archives\/77\" \/>\n<meta property=\"og:locale\" content=\"pt_BR\" \/>\n<meta property=\"og:type\" content=\"article\" \/>\n<meta property=\"og:title\" content=\"Criar um Inquilino Centro de ajuda - Rentila\" \/>\n<meta property=\"og:description\" content=\"Criar um inquilino Para juntar um inquilino, clique em Novo inquilino, complete os campos e clique em Guardar. Para cada inquilino pode inserir: O tipo, O nome do inquilino e a empresa, O Email (para convidar o seu inquilino) A morada e outra informa\u00e7\u00e3o de contacto, Informa\u00e7\u00e3o profissional, Informa\u00e7\u00e3o sobre as garantias, Informa\u00e7\u00e3o banc\u00e1ria, Adicionar\" \/>\n<meta property=\"og:url\" content=\"https:\/\/www.rentila.com.br\/support\/archives\/77\" \/>\n<meta property=\"og:site_name\" content=\"Centro de ajuda - Rentila\" \/>\n<meta property=\"article:published_time\" content=\"2014-07-08T19:00:10+00:00\" \/>\n<meta property=\"article:modified_time\" content=\"2019-09-29T15:29:43+00:00\" \/>\n<meta name=\"author\" content=\"admin\" \/>\n<meta name=\"twitter:card\" content=\"summary_large_image\" \/>\n<meta name=\"twitter:label1\" content=\"Escrito por\" \/>\n\t<meta name=\"twitter:data1\" content=\"admin\" \/>\n\t<meta name=\"twitter:label2\" content=\"Est. tempo de leitura\" \/>\n\t<meta name=\"twitter:data2\" content=\"2 minutos\" \/>\n<script type=\"application\/ld+json\" class=\"yoast-schema-graph\">{\"@context\":\"https:\\\/\\\/schema.org\",\"@graph\":[{\"@type\":\"Article\",\"@id\":\"https:\\\/\\\/www.rentila.com.br\\\/support\\\/archives\\\/77#article\",\"isPartOf\":{\"@id\":\"https:\\\/\\\/www.rentila.com.br\\\/support\\\/archives\\\/77\"},\"author\":{\"name\":\"admin\",\"@id\":\"https:\\\/\\\/www.rentila.com.br\\\/support\\\/#\\\/schema\\\/person\\\/7d13cbb4af92e7b547bc5a65582f3084\"},\"headline\":\"Criar um Inquilino\",\"datePublished\":\"2014-07-08T19:00:10+00:00\",\"dateModified\":\"2019-09-29T15:29:43+00:00\",\"mainEntityOfPage\":{\"@id\":\"https:\\\/\\\/www.rentila.com.br\\\/support\\\/archives\\\/77\"},\"wordCount\":366,\"keywords\":[\"Inquilinos\"],\"articleSection\":[\"Inquilinos\"],\"inLanguage\":\"pt-BR\"},{\"@type\":\"WebPage\",\"@id\":\"https:\\\/\\\/www.rentila.com.br\\\/support\\\/archives\\\/77\",\"url\":\"https:\\\/\\\/www.rentila.com.br\\\/support\\\/archives\\\/77\",\"name\":\"Criar um Inquilino Centro de ajuda - Rentila\",\"isPartOf\":{\"@id\":\"https:\\\/\\\/www.rentila.com.br\\\/support\\\/#website\"},\"datePublished\":\"2014-07-08T19:00:10+00:00\",\"dateModified\":\"2019-09-29T15:29:43+00:00\",\"author\":{\"@id\":\"https:\\\/\\\/www.rentila.com.br\\\/support\\\/#\\\/schema\\\/person\\\/7d13cbb4af92e7b547bc5a65582f3084\"},\"breadcrumb\":{\"@id\":\"https:\\\/\\\/www.rentila.com.br\\\/support\\\/archives\\\/77#breadcrumb\"},\"inLanguage\":\"pt-BR\",\"potentialAction\":[{\"@type\":\"ReadAction\",\"target\":[\"https:\\\/\\\/www.rentila.com.br\\\/support\\\/archives\\\/77\"]}]},{\"@type\":\"BreadcrumbList\",\"@id\":\"https:\\\/\\\/www.rentila.com.br\\\/support\\\/archives\\\/77#breadcrumb\",\"itemListElement\":[{\"@type\":\"ListItem\",\"position\":1,\"name\":\"Accueil\",\"item\":\"https:\\\/\\\/www.rentila.com.br\\\/support\\\/\"},{\"@type\":\"ListItem\",\"position\":2,\"name\":\"Criar um Inquilino\"}]},{\"@type\":\"WebSite\",\"@id\":\"https:\\\/\\\/www.rentila.com.br\\\/support\\\/#website\",\"url\":\"https:\\\/\\\/www.rentila.com.br\\\/support\\\/\",\"name\":\"Centro de ajuda - Rentila\",\"description\":\"\",\"potentialAction\":[{\"@type\":\"SearchAction\",\"target\":{\"@type\":\"EntryPoint\",\"urlTemplate\":\"https:\\\/\\\/www.rentila.com.br\\\/support\\\/?s={search_term_string}\"},\"query-input\":{\"@type\":\"PropertyValueSpecification\",\"valueRequired\":true,\"valueName\":\"search_term_string\"}}],\"inLanguage\":\"pt-BR\"},{\"@type\":\"Person\",\"@id\":\"https:\\\/\\\/www.rentila.com.br\\\/support\\\/#\\\/schema\\\/person\\\/7d13cbb4af92e7b547bc5a65582f3084\",\"name\":\"admin\",\"image\":{\"@type\":\"ImageObject\",\"inLanguage\":\"pt-BR\",\"@id\":\"https:\\\/\\\/secure.gravatar.com\\\/avatar\\\/20e4a7d3e81bf2b540f56b8c153cb632e62dc95802d33694aa38846415dc20d1?s=96&d=mm&r=g\",\"url\":\"https:\\\/\\\/secure.gravatar.com\\\/avatar\\\/20e4a7d3e81bf2b540f56b8c153cb632e62dc95802d33694aa38846415dc20d1?s=96&d=mm&r=g\",\"contentUrl\":\"https:\\\/\\\/secure.gravatar.com\\\/avatar\\\/20e4a7d3e81bf2b540f56b8c153cb632e62dc95802d33694aa38846415dc20d1?s=96&d=mm&r=g\",\"caption\":\"admin\"},\"url\":\"https:\\\/\\\/www.rentila.com.br\\\/support\\\/archives\\\/author\\\/admin\"}]}<\/script>\n<!-- \/ Yoast SEO plugin. -->","yoast_head_json":{"title":"Criar um Inquilino Centro de ajuda - Rentila","robots":{"index":"index","follow":"follow","max-snippet":"max-snippet:-1","max-image-preview":"max-image-preview:large","max-video-preview":"max-video-preview:-1"},"canonical":"https:\/\/www.rentila.com.br\/support\/archives\/77","og_locale":"pt_BR","og_type":"article","og_title":"Criar um Inquilino Centro de ajuda - Rentila","og_description":"Criar um inquilino Para juntar um inquilino, clique em Novo inquilino, complete os campos e clique em Guardar. Para cada inquilino pode inserir: O tipo, O nome do inquilino e a empresa, O Email (para convidar o seu inquilino) A morada e outra informa\u00e7\u00e3o de contacto, Informa\u00e7\u00e3o profissional, Informa\u00e7\u00e3o sobre as garantias, Informa\u00e7\u00e3o banc\u00e1ria, Adicionar","og_url":"https:\/\/www.rentila.com.br\/support\/archives\/77","og_site_name":"Centro de ajuda - Rentila","article_published_time":"2014-07-08T19:00:10+00:00","article_modified_time":"2019-09-29T15:29:43+00:00","author":"admin","twitter_card":"summary_large_image","twitter_misc":{"Escrito por":"admin","Est. tempo de leitura":"2 minutos"},"schema":{"@context":"https:\/\/schema.org","@graph":[{"@type":"Article","@id":"https:\/\/www.rentila.com.br\/support\/archives\/77#article","isPartOf":{"@id":"https:\/\/www.rentila.com.br\/support\/archives\/77"},"author":{"name":"admin","@id":"https:\/\/www.rentila.com.br\/support\/#\/schema\/person\/7d13cbb4af92e7b547bc5a65582f3084"},"headline":"Criar um Inquilino","datePublished":"2014-07-08T19:00:10+00:00","dateModified":"2019-09-29T15:29:43+00:00","mainEntityOfPage":{"@id":"https:\/\/www.rentila.com.br\/support\/archives\/77"},"wordCount":366,"keywords":["Inquilinos"],"articleSection":["Inquilinos"],"inLanguage":"pt-BR"},{"@type":"WebPage","@id":"https:\/\/www.rentila.com.br\/support\/archives\/77","url":"https:\/\/www.rentila.com.br\/support\/archives\/77","name":"Criar um Inquilino Centro de ajuda - Rentila","isPartOf":{"@id":"https:\/\/www.rentila.com.br\/support\/#website"},"datePublished":"2014-07-08T19:00:10+00:00","dateModified":"2019-09-29T15:29:43+00:00","author":{"@id":"https:\/\/www.rentila.com.br\/support\/#\/schema\/person\/7d13cbb4af92e7b547bc5a65582f3084"},"breadcrumb":{"@id":"https:\/\/www.rentila.com.br\/support\/archives\/77#breadcrumb"},"inLanguage":"pt-BR","potentialAction":[{"@type":"ReadAction","target":["https:\/\/www.rentila.com.br\/support\/archives\/77"]}]},{"@type":"BreadcrumbList","@id":"https:\/\/www.rentila.com.br\/support\/archives\/77#breadcrumb","itemListElement":[{"@type":"ListItem","position":1,"name":"Accueil","item":"https:\/\/www.rentila.com.br\/support\/"},{"@type":"ListItem","position":2,"name":"Criar um Inquilino"}]},{"@type":"WebSite","@id":"https:\/\/www.rentila.com.br\/support\/#website","url":"https:\/\/www.rentila.com.br\/support\/","name":"Centro de ajuda - Rentila","description":"","potentialAction":[{"@type":"SearchAction","target":{"@type":"EntryPoint","urlTemplate":"https:\/\/www.rentila.com.br\/support\/?s={search_term_string}"},"query-input":{"@type":"PropertyValueSpecification","valueRequired":true,"valueName":"search_term_string"}}],"inLanguage":"pt-BR"},{"@type":"Person","@id":"https:\/\/www.rentila.com.br\/support\/#\/schema\/person\/7d13cbb4af92e7b547bc5a65582f3084","name":"admin","image":{"@type":"ImageObject","inLanguage":"pt-BR","@id":"https:\/\/secure.gravatar.com\/avatar\/20e4a7d3e81bf2b540f56b8c153cb632e62dc95802d33694aa38846415dc20d1?s=96&d=mm&r=g","url":"https:\/\/secure.gravatar.com\/avatar\/20e4a7d3e81bf2b540f56b8c153cb632e62dc95802d33694aa38846415dc20d1?s=96&d=mm&r=g","contentUrl":"https:\/\/secure.gravatar.com\/avatar\/20e4a7d3e81bf2b540f56b8c153cb632e62dc95802d33694aa38846415dc20d1?s=96&d=mm&r=g","caption":"admin"},"url":"https:\/\/www.rentila.com.br\/support\/archives\/author\/admin"}]}},"_links":{"self":[{"href":"https:\/\/www.rentila.com.br\/support\/wp-json\/wp\/v2\/posts\/77","targetHints":{"allow":["GET"]}}],"collection":[{"href":"https:\/\/www.rentila.com.br\/support\/wp-json\/wp\/v2\/posts"}],"about":[{"href":"https:\/\/www.rentila.com.br\/support\/wp-json\/wp\/v2\/types\/post"}],"author":[{"embeddable":true,"href":"https:\/\/www.rentila.com.br\/support\/wp-json\/wp\/v2\/users\/1"}],"replies":[{"embeddable":true,"href":"https:\/\/www.rentila.com.br\/support\/wp-json\/wp\/v2\/comments?post=77"}],"version-history":[{"count":19,"href":"https:\/\/www.rentila.com.br\/support\/wp-json\/wp\/v2\/posts\/77\/revisions"}],"predecessor-version":[{"id":2654,"href":"https:\/\/www.rentila.com.br\/support\/wp-json\/wp\/v2\/posts\/77\/revisions\/2654"}],"wp:attachment":[{"href":"https:\/\/www.rentila.com.br\/support\/wp-json\/wp\/v2\/media?parent=77"}],"wp:term":[{"taxonomy":"category","embeddable":true,"href":"https:\/\/www.rentila.com.br\/support\/wp-json\/wp\/v2\/categories?post=77"},{"taxonomy":"post_tag","embeddable":true,"href":"https:\/\/www.rentila.com.br\/support\/wp-json\/wp\/v2\/tags?post=77"}],"curies":[{"name":"wp","href":"https:\/\/api.w.org\/{rel}","templated":true}]}}