{"id":389,"date":"2014-04-13T12:01:06","date_gmt":"2014-04-13T10:01:06","guid":{"rendered":"http:\/\/support.rentila.com\/?p=389"},"modified":"2019-09-29T17:37:20","modified_gmt":"2019-09-29T15:37:20","slug":"solde-locataire","status":"publish","type":"post","link":"https:\/\/www.rentila.com.br\/support\/archives\/389","title":{"rendered":"Saldo do inquilino"},"content":{"rendered":"<p>Na sec\u00e7\u00e3o Inquilinos, tem acesso <strong>aos detalhes do saldo dos inquilinos.<\/strong><\/p>\n<p>No saldo do inquilino, temos em conta os seguintes elementos:<\/p>\n<ul>\n<li><strong>Renda pr\u00e9-paga<\/strong> (valor indicado no arrendamento),<\/li>\n<li><strong>Pagamentos de renda<\/strong> (na sec\u00e7\u00e3o Finan\u00e7as),<\/li>\n<li><strong>Fatura aos inquilinos por resultados de concilia\u00e7\u00e3o<\/strong> anuais,<\/li>\n<li><strong>Alguns reembolsos de impostos.<\/strong><\/li>\n<\/ul>\n<p>O saldo do inquilino <strong>pode ser usado nos diferimentos de pagamento<\/strong>. Dependendo se \u00e9 positivo ou negativo, o aluguer aumentar\u00e1 ou diminuir\u00e1. <a href=\"https:\/\/www.rentila.com.br\/support\/archives\/396\">Mais informa\u00e7\u00e3o<\/a>.<\/p>\n","protected":false},"excerpt":{"rendered":"<p>Na sec\u00e7\u00e3o Inquilinos, tem acesso aos detalhes do saldo dos inquilinos. No saldo do inquilino, temos em conta os seguintes elementos: Renda pr\u00e9-paga (valor indicado no arrendamento), Pagamentos de renda (na sec\u00e7\u00e3o Finan\u00e7as), Fatura aos inquilinos por resultados de concilia\u00e7\u00e3o anuais, Alguns reembolsos de impostos. O saldo do inquilino pode ser usado nos diferimentos de<\/p>\n","protected":false},"author":1,"featured_media":0,"comment_status":"closed","ping_status":"closed","sticky":false,"template":"","format":"standard","meta":{"footnotes":""},"categories":[8],"tags":[24,162],"class_list":["post-389","post","type-post","status-publish","format-standard","hentry","category-tenants","tag-inquilinos","tag-saldo-inquilino"],"yoast_head":"<!-- This site is optimized with the Yoast SEO plugin v27.3 - https:\/\/yoast.com\/product\/yoast-seo-wordpress\/ -->\n<title>Saldo do inquilino Centro de ajuda - Rentila<\/title>\n<meta name=\"robots\" content=\"index, follow, max-snippet:-1, max-image-preview:large, max-video-preview:-1\" \/>\n<link rel=\"canonical\" href=\"https:\/\/www.rentila.com.br\/support\/archives\/389\" \/>\n<meta property=\"og:locale\" content=\"pt_BR\" \/>\n<meta property=\"og:type\" content=\"article\" \/>\n<meta property=\"og:title\" content=\"Saldo do inquilino Centro de ajuda - Rentila\" \/>\n<meta property=\"og:description\" content=\"Na sec\u00e7\u00e3o Inquilinos, tem acesso aos detalhes do saldo dos inquilinos. No saldo do inquilino, temos em conta os seguintes elementos: Renda pr\u00e9-paga (valor indicado no arrendamento), Pagamentos de renda (na sec\u00e7\u00e3o Finan\u00e7as), Fatura aos inquilinos por resultados de concilia\u00e7\u00e3o anuais, Alguns reembolsos de impostos. O saldo do inquilino pode ser usado nos diferimentos de\" \/>\n<meta property=\"og:url\" content=\"https:\/\/www.rentila.com.br\/support\/archives\/389\" \/>\n<meta property=\"og:site_name\" content=\"Centro de ajuda - Rentila\" \/>\n<meta property=\"article:published_time\" content=\"2014-04-13T10:01:06+00:00\" \/>\n<meta property=\"article:modified_time\" content=\"2019-09-29T15:37:20+00:00\" \/>\n<meta name=\"author\" content=\"admin\" \/>\n<meta name=\"twitter:card\" content=\"summary_large_image\" \/>\n<meta name=\"twitter:label1\" content=\"Escrito por\" \/>\n\t<meta name=\"twitter:data1\" content=\"admin\" \/>\n<script type=\"application\/ld+json\" class=\"yoast-schema-graph\">{\"@context\":\"https:\\\/\\\/schema.org\",\"@graph\":[{\"@type\":\"Article\",\"@id\":\"https:\\\/\\\/www.rentila.com.br\\\/support\\\/archives\\\/389#article\",\"isPartOf\":{\"@id\":\"https:\\\/\\\/www.rentila.com.br\\\/support\\\/archives\\\/389\"},\"author\":{\"name\":\"admin\",\"@id\":\"https:\\\/\\\/www.rentila.com.br\\\/support\\\/#\\\/schema\\\/person\\\/7d13cbb4af92e7b547bc5a65582f3084\"},\"headline\":\"Saldo do inquilino\",\"datePublished\":\"2014-04-13T10:01:06+00:00\",\"dateModified\":\"2019-09-29T15:37:20+00:00\",\"mainEntityOfPage\":{\"@id\":\"https:\\\/\\\/www.rentila.com.br\\\/support\\\/archives\\\/389\"},\"wordCount\":77,\"keywords\":[\"Inquilinos\",\"Saldo inquilino\"],\"articleSection\":[\"Inquilinos\"],\"inLanguage\":\"pt-BR\"},{\"@type\":\"WebPage\",\"@id\":\"https:\\\/\\\/www.rentila.com.br\\\/support\\\/archives\\\/389\",\"url\":\"https:\\\/\\\/www.rentila.com.br\\\/support\\\/archives\\\/389\",\"name\":\"Saldo do inquilino Centro de ajuda - Rentila\",\"isPartOf\":{\"@id\":\"https:\\\/\\\/www.rentila.com.br\\\/support\\\/#website\"},\"datePublished\":\"2014-04-13T10:01:06+00:00\",\"dateModified\":\"2019-09-29T15:37:20+00:00\",\"author\":{\"@id\":\"https:\\\/\\\/www.rentila.com.br\\\/support\\\/#\\\/schema\\\/person\\\/7d13cbb4af92e7b547bc5a65582f3084\"},\"breadcrumb\":{\"@id\":\"https:\\\/\\\/www.rentila.com.br\\\/support\\\/archives\\\/389#breadcrumb\"},\"inLanguage\":\"pt-BR\",\"potentialAction\":[{\"@type\":\"ReadAction\",\"target\":[\"https:\\\/\\\/www.rentila.com.br\\\/support\\\/archives\\\/389\"]}]},{\"@type\":\"BreadcrumbList\",\"@id\":\"https:\\\/\\\/www.rentila.com.br\\\/support\\\/archives\\\/389#breadcrumb\",\"itemListElement\":[{\"@type\":\"ListItem\",\"position\":1,\"name\":\"Accueil\",\"item\":\"https:\\\/\\\/www.rentila.com.br\\\/support\\\/\"},{\"@type\":\"ListItem\",\"position\":2,\"name\":\"Saldo do inquilino\"}]},{\"@type\":\"WebSite\",\"@id\":\"https:\\\/\\\/www.rentila.com.br\\\/support\\\/#website\",\"url\":\"https:\\\/\\\/www.rentila.com.br\\\/support\\\/\",\"name\":\"Centro de ajuda - Rentila\",\"description\":\"\",\"potentialAction\":[{\"@type\":\"SearchAction\",\"target\":{\"@type\":\"EntryPoint\",\"urlTemplate\":\"https:\\\/\\\/www.rentila.com.br\\\/support\\\/?s={search_term_string}\"},\"query-input\":{\"@type\":\"PropertyValueSpecification\",\"valueRequired\":true,\"valueName\":\"search_term_string\"}}],\"inLanguage\":\"pt-BR\"},{\"@type\":\"Person\",\"@id\":\"https:\\\/\\\/www.rentila.com.br\\\/support\\\/#\\\/schema\\\/person\\\/7d13cbb4af92e7b547bc5a65582f3084\",\"name\":\"admin\",\"image\":{\"@type\":\"ImageObject\",\"inLanguage\":\"pt-BR\",\"@id\":\"https:\\\/\\\/secure.gravatar.com\\\/avatar\\\/20e4a7d3e81bf2b540f56b8c153cb632e62dc95802d33694aa38846415dc20d1?s=96&d=mm&r=g\",\"url\":\"https:\\\/\\\/secure.gravatar.com\\\/avatar\\\/20e4a7d3e81bf2b540f56b8c153cb632e62dc95802d33694aa38846415dc20d1?s=96&d=mm&r=g\",\"contentUrl\":\"https:\\\/\\\/secure.gravatar.com\\\/avatar\\\/20e4a7d3e81bf2b540f56b8c153cb632e62dc95802d33694aa38846415dc20d1?s=96&d=mm&r=g\",\"caption\":\"admin\"},\"url\":\"https:\\\/\\\/www.rentila.com.br\\\/support\\\/archives\\\/author\\\/admin\"}]}<\/script>\n<!-- \/ Yoast SEO plugin. -->","yoast_head_json":{"title":"Saldo do inquilino Centro de ajuda - Rentila","robots":{"index":"index","follow":"follow","max-snippet":"max-snippet:-1","max-image-preview":"max-image-preview:large","max-video-preview":"max-video-preview:-1"},"canonical":"https:\/\/www.rentila.com.br\/support\/archives\/389","og_locale":"pt_BR","og_type":"article","og_title":"Saldo do inquilino Centro de ajuda - Rentila","og_description":"Na sec\u00e7\u00e3o Inquilinos, tem acesso aos detalhes do saldo dos inquilinos. No saldo do inquilino, temos em conta os seguintes elementos: Renda pr\u00e9-paga (valor indicado no arrendamento), Pagamentos de renda (na sec\u00e7\u00e3o Finan\u00e7as), Fatura aos inquilinos por resultados de concilia\u00e7\u00e3o anuais, Alguns reembolsos de impostos. O saldo do inquilino pode ser usado nos diferimentos de","og_url":"https:\/\/www.rentila.com.br\/support\/archives\/389","og_site_name":"Centro de ajuda - Rentila","article_published_time":"2014-04-13T10:01:06+00:00","article_modified_time":"2019-09-29T15:37:20+00:00","author":"admin","twitter_card":"summary_large_image","twitter_misc":{"Escrito por":"admin"},"schema":{"@context":"https:\/\/schema.org","@graph":[{"@type":"Article","@id":"https:\/\/www.rentila.com.br\/support\/archives\/389#article","isPartOf":{"@id":"https:\/\/www.rentila.com.br\/support\/archives\/389"},"author":{"name":"admin","@id":"https:\/\/www.rentila.com.br\/support\/#\/schema\/person\/7d13cbb4af92e7b547bc5a65582f3084"},"headline":"Saldo do inquilino","datePublished":"2014-04-13T10:01:06+00:00","dateModified":"2019-09-29T15:37:20+00:00","mainEntityOfPage":{"@id":"https:\/\/www.rentila.com.br\/support\/archives\/389"},"wordCount":77,"keywords":["Inquilinos","Saldo inquilino"],"articleSection":["Inquilinos"],"inLanguage":"pt-BR"},{"@type":"WebPage","@id":"https:\/\/www.rentila.com.br\/support\/archives\/389","url":"https:\/\/www.rentila.com.br\/support\/archives\/389","name":"Saldo do inquilino Centro de ajuda - Rentila","isPartOf":{"@id":"https:\/\/www.rentila.com.br\/support\/#website"},"datePublished":"2014-04-13T10:01:06+00:00","dateModified":"2019-09-29T15:37:20+00:00","author":{"@id":"https:\/\/www.rentila.com.br\/support\/#\/schema\/person\/7d13cbb4af92e7b547bc5a65582f3084"},"breadcrumb":{"@id":"https:\/\/www.rentila.com.br\/support\/archives\/389#breadcrumb"},"inLanguage":"pt-BR","potentialAction":[{"@type":"ReadAction","target":["https:\/\/www.rentila.com.br\/support\/archives\/389"]}]},{"@type":"BreadcrumbList","@id":"https:\/\/www.rentila.com.br\/support\/archives\/389#breadcrumb","itemListElement":[{"@type":"ListItem","position":1,"name":"Accueil","item":"https:\/\/www.rentila.com.br\/support\/"},{"@type":"ListItem","position":2,"name":"Saldo do inquilino"}]},{"@type":"WebSite","@id":"https:\/\/www.rentila.com.br\/support\/#website","url":"https:\/\/www.rentila.com.br\/support\/","name":"Centro de ajuda - Rentila","description":"","potentialAction":[{"@type":"SearchAction","target":{"@type":"EntryPoint","urlTemplate":"https:\/\/www.rentila.com.br\/support\/?s={search_term_string}"},"query-input":{"@type":"PropertyValueSpecification","valueRequired":true,"valueName":"search_term_string"}}],"inLanguage":"pt-BR"},{"@type":"Person","@id":"https:\/\/www.rentila.com.br\/support\/#\/schema\/person\/7d13cbb4af92e7b547bc5a65582f3084","name":"admin","image":{"@type":"ImageObject","inLanguage":"pt-BR","@id":"https:\/\/secure.gravatar.com\/avatar\/20e4a7d3e81bf2b540f56b8c153cb632e62dc95802d33694aa38846415dc20d1?s=96&d=mm&r=g","url":"https:\/\/secure.gravatar.com\/avatar\/20e4a7d3e81bf2b540f56b8c153cb632e62dc95802d33694aa38846415dc20d1?s=96&d=mm&r=g","contentUrl":"https:\/\/secure.gravatar.com\/avatar\/20e4a7d3e81bf2b540f56b8c153cb632e62dc95802d33694aa38846415dc20d1?s=96&d=mm&r=g","caption":"admin"},"url":"https:\/\/www.rentila.com.br\/support\/archives\/author\/admin"}]}},"_links":{"self":[{"href":"https:\/\/www.rentila.com.br\/support\/wp-json\/wp\/v2\/posts\/389","targetHints":{"allow":["GET"]}}],"collection":[{"href":"https:\/\/www.rentila.com.br\/support\/wp-json\/wp\/v2\/posts"}],"about":[{"href":"https:\/\/www.rentila.com.br\/support\/wp-json\/wp\/v2\/types\/post"}],"author":[{"embeddable":true,"href":"https:\/\/www.rentila.com.br\/support\/wp-json\/wp\/v2\/users\/1"}],"replies":[{"embeddable":true,"href":"https:\/\/www.rentila.com.br\/support\/wp-json\/wp\/v2\/comments?post=389"}],"version-history":[{"count":17,"href":"https:\/\/www.rentila.com.br\/support\/wp-json\/wp\/v2\/posts\/389\/revisions"}],"predecessor-version":[{"id":2655,"href":"https:\/\/www.rentila.com.br\/support\/wp-json\/wp\/v2\/posts\/389\/revisions\/2655"}],"wp:attachment":[{"href":"https:\/\/www.rentila.com.br\/support\/wp-json\/wp\/v2\/media?parent=389"}],"wp:term":[{"taxonomy":"category","embeddable":true,"href":"https:\/\/www.rentila.com.br\/support\/wp-json\/wp\/v2\/categories?post=389"},{"taxonomy":"post_tag","embeddable":true,"href":"https:\/\/www.rentila.com.br\/support\/wp-json\/wp\/v2\/tags?post=389"}],"curies":[{"name":"wp","href":"https:\/\/api.w.org\/{rel}","templated":true}]}}