{"id":132,"date":"2014-05-09T11:28:43","date_gmt":"2014-05-09T09:28:43","guid":{"rendered":"http:\/\/support.rentila.com\/?p=132"},"modified":"2019-03-10T18:47:33","modified_gmt":"2019-03-10T17:47:33","slug":"un-loyer-ne-figure-pas-dans-la-rubrique-finances","status":"publish","type":"post","link":"https:\/\/www.rentila.com.br\/support\/archives\/132","title":{"rendered":"Arrendamento ausente em Finan\u00e7as"},"content":{"rendered":"<p>Se um arrendamento n\u00e3o aparecer em Finan\u00e7as, certifique-se de que:<\/p>\n<ul>\n<li>o arrendamento est\u00e1 <strong> ativo,<\/strong><\/li>\n<li>o arrendamento <strong>n\u00e3o terminou <\/strong> (verifique a data de t\u00e9rmino e que a op\u00e7\u00e3o de renova\u00e7\u00e3o autom\u00e1tica est\u00e1 ativada),<\/li>\n<li>a<strong> data de cria\u00e7\u00e3o da fatura est\u00e1 correta.<\/strong><\/li>\n<\/ul>\n<p>Se tudo parecer estar em ordem, aceda aos arrendamentos e clique em<strong> Regenerar pagamentos,\u00a0<\/strong> \u00e0 direita. O sistema recriar\u00e1 os pagamentos em falta.<\/p>\n","protected":false},"excerpt":{"rendered":"<p>Se um arrendamento n\u00e3o aparecer em Finan\u00e7as, certifique-se de que: o arrendamento est\u00e1 ativo, o arrendamento n\u00e3o terminou (verifique a data de t\u00e9rmino e que a op\u00e7\u00e3o de renova\u00e7\u00e3o autom\u00e1tica est\u00e1 ativada), a data de cria\u00e7\u00e3o da fatura est\u00e1 correta. Se tudo parecer estar em ordem, aceda aos arrendamentos e clique em Regenerar pagamentos,\u00a0 \u00e0<\/p>\n","protected":false},"author":1,"featured_media":0,"comment_status":"closed","ping_status":"closed","sticky":false,"template":"","format":"standard","meta":{"footnotes":""},"categories":[7,9],"tags":[161],"class_list":["post-132","post","type-post","status-publish","format-standard","hentry","category-alugueis","category-finance","tag-renda-de-arrendamento"],"yoast_head":"<!-- This site is optimized with the Yoast SEO plugin v27.3 - https:\/\/yoast.com\/product\/yoast-seo-wordpress\/ -->\n<title>Arrendamento ausente em Finan\u00e7as Centro de ajuda - Rentila<\/title>\n<meta name=\"robots\" content=\"index, follow, max-snippet:-1, max-image-preview:large, max-video-preview:-1\" \/>\n<link rel=\"canonical\" href=\"https:\/\/www.rentila.com.br\/support\/archives\/132\" \/>\n<meta property=\"og:locale\" content=\"pt_BR\" \/>\n<meta property=\"og:type\" content=\"article\" \/>\n<meta property=\"og:title\" content=\"Arrendamento ausente em Finan\u00e7as Centro de ajuda - Rentila\" \/>\n<meta property=\"og:description\" content=\"Se um arrendamento n\u00e3o aparecer em Finan\u00e7as, certifique-se de que: o arrendamento est\u00e1 ativo, o arrendamento n\u00e3o terminou (verifique a data de t\u00e9rmino e que a op\u00e7\u00e3o de renova\u00e7\u00e3o autom\u00e1tica est\u00e1 ativada), a data de cria\u00e7\u00e3o da fatura est\u00e1 correta. Se tudo parecer estar em ordem, aceda aos arrendamentos e clique em Regenerar pagamentos,\u00a0 \u00e0\" \/>\n<meta property=\"og:url\" content=\"https:\/\/www.rentila.com.br\/support\/archives\/132\" \/>\n<meta property=\"og:site_name\" content=\"Centro de ajuda - Rentila\" \/>\n<meta property=\"article:published_time\" content=\"2014-05-09T09:28:43+00:00\" \/>\n<meta property=\"article:modified_time\" content=\"2019-03-10T17:47:33+00:00\" \/>\n<meta name=\"author\" content=\"admin\" \/>\n<meta name=\"twitter:card\" content=\"summary_large_image\" \/>\n<meta name=\"twitter:label1\" content=\"Escrito por\" \/>\n\t<meta name=\"twitter:data1\" content=\"admin\" \/>\n<script type=\"application\/ld+json\" class=\"yoast-schema-graph\">{\"@context\":\"https:\\\/\\\/schema.org\",\"@graph\":[{\"@type\":\"Article\",\"@id\":\"https:\\\/\\\/www.rentila.com.br\\\/support\\\/archives\\\/132#article\",\"isPartOf\":{\"@id\":\"https:\\\/\\\/www.rentila.com.br\\\/support\\\/archives\\\/132\"},\"author\":{\"name\":\"admin\",\"@id\":\"https:\\\/\\\/www.rentila.com.br\\\/support\\\/#\\\/schema\\\/person\\\/7d13cbb4af92e7b547bc5a65582f3084\"},\"headline\":\"Arrendamento ausente em Finan\u00e7as\",\"datePublished\":\"2014-05-09T09:28:43+00:00\",\"dateModified\":\"2019-03-10T17:47:33+00:00\",\"mainEntityOfPage\":{\"@id\":\"https:\\\/\\\/www.rentila.com.br\\\/support\\\/archives\\\/132\"},\"wordCount\":75,\"keywords\":[\"Renda de arrendamento\"],\"articleSection\":[\"Alugu\u00e9is\",\"Finan\u00e7as\"],\"inLanguage\":\"pt-BR\"},{\"@type\":\"WebPage\",\"@id\":\"https:\\\/\\\/www.rentila.com.br\\\/support\\\/archives\\\/132\",\"url\":\"https:\\\/\\\/www.rentila.com.br\\\/support\\\/archives\\\/132\",\"name\":\"Arrendamento ausente em Finan\u00e7as Centro de ajuda - Rentila\",\"isPartOf\":{\"@id\":\"https:\\\/\\\/www.rentila.com.br\\\/support\\\/#website\"},\"datePublished\":\"2014-05-09T09:28:43+00:00\",\"dateModified\":\"2019-03-10T17:47:33+00:00\",\"author\":{\"@id\":\"https:\\\/\\\/www.rentila.com.br\\\/support\\\/#\\\/schema\\\/person\\\/7d13cbb4af92e7b547bc5a65582f3084\"},\"breadcrumb\":{\"@id\":\"https:\\\/\\\/www.rentila.com.br\\\/support\\\/archives\\\/132#breadcrumb\"},\"inLanguage\":\"pt-BR\",\"potentialAction\":[{\"@type\":\"ReadAction\",\"target\":[\"https:\\\/\\\/www.rentila.com.br\\\/support\\\/archives\\\/132\"]}]},{\"@type\":\"BreadcrumbList\",\"@id\":\"https:\\\/\\\/www.rentila.com.br\\\/support\\\/archives\\\/132#breadcrumb\",\"itemListElement\":[{\"@type\":\"ListItem\",\"position\":1,\"name\":\"Accueil\",\"item\":\"https:\\\/\\\/www.rentila.com.br\\\/support\\\/\"},{\"@type\":\"ListItem\",\"position\":2,\"name\":\"Arrendamento ausente em Finan\u00e7as\"}]},{\"@type\":\"WebSite\",\"@id\":\"https:\\\/\\\/www.rentila.com.br\\\/support\\\/#website\",\"url\":\"https:\\\/\\\/www.rentila.com.br\\\/support\\\/\",\"name\":\"Centro de ajuda - Rentila\",\"description\":\"\",\"potentialAction\":[{\"@type\":\"SearchAction\",\"target\":{\"@type\":\"EntryPoint\",\"urlTemplate\":\"https:\\\/\\\/www.rentila.com.br\\\/support\\\/?s={search_term_string}\"},\"query-input\":{\"@type\":\"PropertyValueSpecification\",\"valueRequired\":true,\"valueName\":\"search_term_string\"}}],\"inLanguage\":\"pt-BR\"},{\"@type\":\"Person\",\"@id\":\"https:\\\/\\\/www.rentila.com.br\\\/support\\\/#\\\/schema\\\/person\\\/7d13cbb4af92e7b547bc5a65582f3084\",\"name\":\"admin\",\"image\":{\"@type\":\"ImageObject\",\"inLanguage\":\"pt-BR\",\"@id\":\"https:\\\/\\\/secure.gravatar.com\\\/avatar\\\/20e4a7d3e81bf2b540f56b8c153cb632e62dc95802d33694aa38846415dc20d1?s=96&d=mm&r=g\",\"url\":\"https:\\\/\\\/secure.gravatar.com\\\/avatar\\\/20e4a7d3e81bf2b540f56b8c153cb632e62dc95802d33694aa38846415dc20d1?s=96&d=mm&r=g\",\"contentUrl\":\"https:\\\/\\\/secure.gravatar.com\\\/avatar\\\/20e4a7d3e81bf2b540f56b8c153cb632e62dc95802d33694aa38846415dc20d1?s=96&d=mm&r=g\",\"caption\":\"admin\"},\"url\":\"https:\\\/\\\/www.rentila.com.br\\\/support\\\/archives\\\/author\\\/admin\"}]}<\/script>\n<!-- \/ Yoast SEO plugin. -->","yoast_head_json":{"title":"Arrendamento ausente em Finan\u00e7as Centro de ajuda - Rentila","robots":{"index":"index","follow":"follow","max-snippet":"max-snippet:-1","max-image-preview":"max-image-preview:large","max-video-preview":"max-video-preview:-1"},"canonical":"https:\/\/www.rentila.com.br\/support\/archives\/132","og_locale":"pt_BR","og_type":"article","og_title":"Arrendamento ausente em Finan\u00e7as Centro de ajuda - Rentila","og_description":"Se um arrendamento n\u00e3o aparecer em Finan\u00e7as, certifique-se de que: o arrendamento est\u00e1 ativo, o arrendamento n\u00e3o terminou (verifique a data de t\u00e9rmino e que a op\u00e7\u00e3o de renova\u00e7\u00e3o autom\u00e1tica est\u00e1 ativada), a data de cria\u00e7\u00e3o da fatura est\u00e1 correta. Se tudo parecer estar em ordem, aceda aos arrendamentos e clique em Regenerar pagamentos,\u00a0 \u00e0","og_url":"https:\/\/www.rentila.com.br\/support\/archives\/132","og_site_name":"Centro de ajuda - Rentila","article_published_time":"2014-05-09T09:28:43+00:00","article_modified_time":"2019-03-10T17:47:33+00:00","author":"admin","twitter_card":"summary_large_image","twitter_misc":{"Escrito por":"admin"},"schema":{"@context":"https:\/\/schema.org","@graph":[{"@type":"Article","@id":"https:\/\/www.rentila.com.br\/support\/archives\/132#article","isPartOf":{"@id":"https:\/\/www.rentila.com.br\/support\/archives\/132"},"author":{"name":"admin","@id":"https:\/\/www.rentila.com.br\/support\/#\/schema\/person\/7d13cbb4af92e7b547bc5a65582f3084"},"headline":"Arrendamento ausente em Finan\u00e7as","datePublished":"2014-05-09T09:28:43+00:00","dateModified":"2019-03-10T17:47:33+00:00","mainEntityOfPage":{"@id":"https:\/\/www.rentila.com.br\/support\/archives\/132"},"wordCount":75,"keywords":["Renda de arrendamento"],"articleSection":["Alugu\u00e9is","Finan\u00e7as"],"inLanguage":"pt-BR"},{"@type":"WebPage","@id":"https:\/\/www.rentila.com.br\/support\/archives\/132","url":"https:\/\/www.rentila.com.br\/support\/archives\/132","name":"Arrendamento ausente em Finan\u00e7as Centro de ajuda - Rentila","isPartOf":{"@id":"https:\/\/www.rentila.com.br\/support\/#website"},"datePublished":"2014-05-09T09:28:43+00:00","dateModified":"2019-03-10T17:47:33+00:00","author":{"@id":"https:\/\/www.rentila.com.br\/support\/#\/schema\/person\/7d13cbb4af92e7b547bc5a65582f3084"},"breadcrumb":{"@id":"https:\/\/www.rentila.com.br\/support\/archives\/132#breadcrumb"},"inLanguage":"pt-BR","potentialAction":[{"@type":"ReadAction","target":["https:\/\/www.rentila.com.br\/support\/archives\/132"]}]},{"@type":"BreadcrumbList","@id":"https:\/\/www.rentila.com.br\/support\/archives\/132#breadcrumb","itemListElement":[{"@type":"ListItem","position":1,"name":"Accueil","item":"https:\/\/www.rentila.com.br\/support\/"},{"@type":"ListItem","position":2,"name":"Arrendamento ausente em Finan\u00e7as"}]},{"@type":"WebSite","@id":"https:\/\/www.rentila.com.br\/support\/#website","url":"https:\/\/www.rentila.com.br\/support\/","name":"Centro de ajuda - Rentila","description":"","potentialAction":[{"@type":"SearchAction","target":{"@type":"EntryPoint","urlTemplate":"https:\/\/www.rentila.com.br\/support\/?s={search_term_string}"},"query-input":{"@type":"PropertyValueSpecification","valueRequired":true,"valueName":"search_term_string"}}],"inLanguage":"pt-BR"},{"@type":"Person","@id":"https:\/\/www.rentila.com.br\/support\/#\/schema\/person\/7d13cbb4af92e7b547bc5a65582f3084","name":"admin","image":{"@type":"ImageObject","inLanguage":"pt-BR","@id":"https:\/\/secure.gravatar.com\/avatar\/20e4a7d3e81bf2b540f56b8c153cb632e62dc95802d33694aa38846415dc20d1?s=96&d=mm&r=g","url":"https:\/\/secure.gravatar.com\/avatar\/20e4a7d3e81bf2b540f56b8c153cb632e62dc95802d33694aa38846415dc20d1?s=96&d=mm&r=g","contentUrl":"https:\/\/secure.gravatar.com\/avatar\/20e4a7d3e81bf2b540f56b8c153cb632e62dc95802d33694aa38846415dc20d1?s=96&d=mm&r=g","caption":"admin"},"url":"https:\/\/www.rentila.com.br\/support\/archives\/author\/admin"}]}},"_links":{"self":[{"href":"https:\/\/www.rentila.com.br\/support\/wp-json\/wp\/v2\/posts\/132","targetHints":{"allow":["GET"]}}],"collection":[{"href":"https:\/\/www.rentila.com.br\/support\/wp-json\/wp\/v2\/posts"}],"about":[{"href":"https:\/\/www.rentila.com.br\/support\/wp-json\/wp\/v2\/types\/post"}],"author":[{"embeddable":true,"href":"https:\/\/www.rentila.com.br\/support\/wp-json\/wp\/v2\/users\/1"}],"replies":[{"embeddable":true,"href":"https:\/\/www.rentila.com.br\/support\/wp-json\/wp\/v2\/comments?post=132"}],"version-history":[{"count":9,"href":"https:\/\/www.rentila.com.br\/support\/wp-json\/wp\/v2\/posts\/132\/revisions"}],"predecessor-version":[{"id":2418,"href":"https:\/\/www.rentila.com.br\/support\/wp-json\/wp\/v2\/posts\/132\/revisions\/2418"}],"wp:attachment":[{"href":"https:\/\/www.rentila.com.br\/support\/wp-json\/wp\/v2\/media?parent=132"}],"wp:term":[{"taxonomy":"category","embeddable":true,"href":"https:\/\/www.rentila.com.br\/support\/wp-json\/wp\/v2\/categories?post=132"},{"taxonomy":"post_tag","embeddable":true,"href":"https:\/\/www.rentila.com.br\/support\/wp-json\/wp\/v2\/tags?post=132"}],"curies":[{"name":"wp","href":"https:\/\/api.w.org\/{rel}","templated":true}]}}