{"id":7807,"date":"2026-08-31T11:27:41","date_gmt":"2026-08-31T11:27:41","guid":{"rendered":"https:\/\/www.rentila.com.br\/blog\/?p=7807"},"modified":"2026-08-31T11:27:44","modified_gmt":"2026-08-31T11:27:44","slug":"resumo-do-mercado-imobiliario-agosto-de-2026","status":"publish","type":"post","link":"https:\/\/www.rentila.com.br\/blog\/resumo-do-mercado-imobiliario-agosto-de-2026\/","title":{"rendered":"Resumo do mercado imobili\u00e1rio \u2013 agosto de 2026"},"content":{"rendered":"\n<div><img decoding=\"async\" class=\"alignleft size-full\" title=\"newspaper\" src=\"https:\/\/www.rentila.com.br\/assets\/img\/blog\/blog_news_2.png\" alt=\"Not\u00edcias do mercado imobili\u00e1rio\" width=\"100%\" height=\"\" \/><\/div>\n<p class=\"lead\">Como todos os meses, a Rentila traz para voc\u00ea um resumo das principais not\u00edcias do mercado imobili\u00e1rio, importantes para propriet\u00e1rios e inquilinos. Em nosso artigo de agosto: alta dos alugu\u00e9is e dos custos de moradia; crescimento dos studios e im\u00f3veis compactos; impactos das loca\u00e7\u00f5es por temporada e do Airbnb; valoriza\u00e7\u00e3o dos im\u00f3veis, com destaque para Vit\u00f3ria, Salvador, Recife e Trancoso; quest\u00f5es legais sobre reformas, benfeitorias e loca\u00e7\u00f5es por temporada; al\u00e9m de dicas sobre garantias de aluguel, pagamentos via Pix e muito mais. Fique por dentro das novidades!<\/p>\n<p><!--more--><\/p>\n\n<div class=\"phase-content__flag phase-1\"><h3>Mercado de Loca\u00e7\u00e3o<\/h3><\/div>\n\n<h5>Segundo aluguel<\/h5>\nO peso das taxas de condom\u00ednio no Brasil\n<a href=\"https:\/\/noticias.uol.com.br\/ultimas-noticias\/deutschewelle\/2026\/08\/20\/segundo-aluguel-o-peso-das-taxas-de-condominio-no-brasil.htm\" target=\"_blank\" rel=\"nofollow noopener noreferrer\">Continue lendo <span class=\"meta-nav\">\u2192<\/span><\/a>\n<hr>\n\n\n<h5>Studio como investimento<\/h5>\nAluguel exige aten\u00e7\u00e3o \u00e0s regras\n<a href=\"https:\/\/esbrasil.com.br\/studio-como-investimento-aluguel-exige-atencao\/\" target=\"_blank\" rel=\"nofollow noopener noreferrer\">Continue lendo <span class=\"meta-nav\">\u2192<\/span><\/a>\n<hr>\n\n<h5>Aluguel dispara e Recife entra na lista dos metros quadrados mais caros do pa\u00eds<\/h5>\n<a href=\"https:\/\/g1.globo.com\/pe\/pernambuco\/bom-dia-pe\/video\/aluguel-dispara-e-recife-entra-na-lista-dos-metros-quadrados-mais-caros-do-pais-14874215.ghtml\" target=\"_blank\" rel=\"nofollow noopener noreferrer\">Continue lendo <span class=\"meta-nav\">\u2192<\/span><\/a>\n<hr>\n\n<h5>As 10 Cidades com o Aluguel Mais Caro do Brasil<\/h5>\nBarueri e S\u00e3o Paulo lideram o ranking nacional e bairros paulistanos como Pinheiros chegam a R$ 99 por metro quadrado\n<a href=\"https:\/\/forbes.com.br\/forbes-money\/forbes-real-estate\/2026\/08\/aluguel-mais-caro-brasil-julho\/\" target=\"_blank\" rel=\"nofollow noopener noreferrer\">Continue lendo <span class=\"meta-nav\">\u2192<\/span><\/a>\n<hr>\n\n<h5>Aluguel consignado<\/h5>\nSem fiador e com desconto de at\u00e9 30% no sal\u00e1rio\n<a href=\"https:\/\/g1.globo.com\/economia\/noticia\/2026\/08\/12\/camara-aprova-projeto-que-cria-o-aluguel-consignado-sem-fiador-e-com-desconto-direto-de-ate-30percent-no-salario.ghtml\" target=\"_blank\" rel=\"nofollow noopener noreferrer\">Continue lendo <span class=\"meta-nav\">\u2192<\/span><\/a>\n<hr>\n\n<h5>Aluguel caro e casa pr\u00f3pria distante<\/h5>\nAs pessoas precisam morar em algum lugar. Se n\u00e3o podem comprar, resta alugar. E quando a demanda cresce sem que a oferta acompanhe, o pre\u00e7o sobe.\n<a href=\"https:\/\/jc.uol.com.br\/opiniao\/artigo\/2026\/08\/11\/aluguel-caro-e-casa-propria-distante.html\" target=\"_blank\" rel=\"nofollow noopener noreferrer\">Continue lendo <span class=\"meta-nav\">\u2192<\/span><\/a>\n<hr>\n\n\n<h5>Aluguel em alta muda o consumo e o mapa de vida dos cariocas<\/h5>\nViver no Rio de Janeiro ficou mais caro e a moradia est\u00e1 no centro dessa conta. \n<a href=\"https:\/\/mundodomarketing.com.br\/aluguel-em-alta-muda-o-consumo-e-o-mapa-de-vida-dos-cariocas\" target=\"_blank\" rel=\"nofollow noopener noreferrer\">Continue lendo <span class=\"meta-nav\">\u2192<\/span><\/a>\n<hr>\n\n<h5>Ap\u00f3s retirada do Airbnb, im\u00f3veis sociais podem ser alugados em SP?<\/h5>\nVeja o que dizem as regras\n<a href=\"https:\/\/g1.globo.com\/sp\/sao-paulo\/noticia\/2026\/08\/05\/apos-retirada-do-airbnb-imoveis-sociais-podem-ser-alugados-em-sp-veja-o-que-dizem-as-regras.ghtml\" target=\"_blank\" rel=\"nofollow noopener noreferrer\">Continue lendo <span class=\"meta-nav\">\u2192<\/span><\/a>\n<hr>\n\n<h5>Airbnb muda mercado imobili\u00e1rio de Foz<\/h5>\nAluguel tradicional perde espa\u00e7o e pre\u00e7os sobem\n<a href=\"https:\/\/www.radioculturafoz.com.br\/2026\/08\/03\/airbnb-muda-mercado-imobiliario-de-foz-aluguel-tradicional-perde-espaco-e-precos-sobem\/amp\/\" target=\"_blank\" rel=\"nofollow noopener noreferrer\">Continue lendo <span class=\"meta-nav\">\u2192<\/span><\/a>\n<hr>\n\n<h5>Airbnb come\u00e7a a derrubar an\u00fancios irregulares de im\u00f3veis sociais em SP<\/h5>\nMais de 1,6 mil unidades ser\u00e3o removidas \n<a href=\"https:\/\/g1.globo.com\/sp\/sao-paulo\/noticia\/2026\/08\/03\/airbnb-comeca-a-derrubar-anuncios-irregulares-de-imoveis-sociais-em-sp-mais-de-16-mil-unidades-serao-removidas-da-plataforma.ghtml\" target=\"_blank\" rel=\"nofollow noopener noreferrer\">Continue lendo <span class=\"meta-nav\">\u2192<\/span><\/a>\n<hr>\n\n\n<h5>Aluguel por temporada inflaciona pre\u00e7os imobili\u00e1rios no Rio de Janeiro<\/h5>\nExpans\u00e3o de loca\u00e7\u00f5es para turistas reduz oferta de im\u00f3veis tradicionais e inflaciona pre\u00e7os at\u00e9 na Zona Norte da capital\n<a href=\"https:\/\/www.band.com.br\/noticias\/jornal-da-band\/ultimas\/aluguel-por-temporada-inflaciona-precos-imobiliarios-no-rio-de-janeiro-202608012148\" target=\"_blank\" rel=\"nofollow noopener noreferrer\">Continue lendo <span class=\"meta-nav\">\u2192<\/span><\/a>\n<hr>\n\n\n<h5>Condom\u00ednio de salas comerciais chega a 90% do valor do aluguel em bairros do Rio<\/h5>\n<a href=\"https:\/\/g1.globo.com\/rj\/rio-de-janeiro\/rj2\/video\/condominio-de-salas-comerciais-chega-a-90-do-valor-do-aluguel-em-bairros-do-rio-14884133.ghtml\" target=\"_blank\" rel=\"nofollow noopener noreferrer\">Continue lendo <span class=\"meta-nav\">\u2192<\/span><\/a>\n<hr>\n\n<h5>Infla\u00e7\u00e3o do aluguel recua<\/h5>\nContratos vencidos em setembro subir\u00e3o 2,16%\n<a href=\"https:\/\/economia.uol.com.br\/noticias\/redacao\/2026\/08\/28\/igp-m---agosto-2026.ghtm?cmpid=copiaecola\" target=\"_blank\" rel=\"nofollow noopener noreferrer\">Continue lendo <span class=\"meta-nav\">\u2192<\/span><\/a>\n<hr>\n\n\n\n  \n<div class=\"phase-content__flag phase-1\"><h3>Mercado Imobili\u00e1rio<\/h3><\/div>\n\n<h5>N\u00e3o quer envelhecer sozinho?<\/h5>\nMercado imobili\u00e1rio cria pr\u00e9dios para atender popula\u00e7\u00e3o idosa \n<a href=\"https:\/\/www.folhavitoria.com.br\/economia\/mercado-imobiliario\/nao-quer-envelhecer-sozinho-mercado-imobiliario-cria-predios-para-atender-populacao-idosa\/\" target=\"_blank\" rel=\"nofollow noopener noreferrer\">Continue lendo <span class=\"meta-nav\">\u2192<\/span><\/a>\n<hr>\n\n<h5>Como o \u2018Luxo Descal\u00e7o\u2019 e restri\u00e7\u00f5es ambientais fazem com que Trancoso n\u00e3o pare de valorizar<\/h5>\nTrancoso desconhece o conceito de baixa temporada\n<a href=\"https:\/\/forbes.com.br\/forbes-money\/forbes-real-estate\/2026\/08\/mercado-imobiliario-luxo-trancoso\/\" target=\"_blank\" rel=\"nofollow noopener noreferrer\">Continue lendo <span class=\"meta-nav\">\u2192<\/span><\/a>\n<hr>\n\n\n\n<h5>Mercado imobili\u00e1rio do Grande Recife bate recorde hist\u00f3rico<\/h5>\n<a href=\"https:\/\/jc.uol.com.br\/colunas\/metro-quadrado\/2026\/08\/12\/mercado-imobiliario-do-grande-recife-bate-recorde-historico.html\" target=\"_blank\" rel=\"nofollow noopener noreferrer\">Continue lendo <span class=\"meta-nav\">\u2192<\/span><\/a>\n<hr>\n\n<h5>As Cidades Brasileiras Mais Atrativas para Im\u00f3veis de Alto Padr\u00e3o<\/h5>\nSetor imobili\u00e1rio perpetua expans\u00e3o\n<a href=\"https:\/\/forbes.com.br\/forbes-money\/forbes-real-estate\/2026\/08\/ranking-imoveis-alto-padrao\/\" target=\"_blank\" rel=\"nofollow noopener noreferrer\">Continue lendo <span class=\"meta-nav\">\u2192<\/span><\/a>\n<hr>\n\n<h5>Como solteirice em alta levou mercado imobili\u00e1rio a se adaptar<\/h5>\nCom mais brasileiros vivendo sozinhos e adiando o casamento, construtoras investem em apartamentos compactos e servi\u00e7os pensados para quem leva uma vida solo.\n<a href=\"https:\/\/g1.globo.com\/globo-reporter\/noticia\/2026\/08\/10\/como-solteirice-em-alta-levou-mercado-imobiliario-a-se-adaptar.ghtml\" target=\"_blank\" rel=\"nofollow noopener noreferrer\">Continue lendo <span class=\"meta-nav\">\u2192<\/span><\/a>\n<hr>\n\n\n<h5>Florian\u00f3polis troca apartamentos por studios com aluguel m\u00e9dio de R$ 2,7 mil em 2026<\/h5>\nDados apontam crescimento dos compactos em \u00e1reas centrais e pr\u00f3ximas a universidades, com\u00e9rcio e servi\u00e7os\n<a href=\"https:\/\/www.nsctotal.com.br\/economia\/florianopolis-troca-apartamentos-por-studios-com-aluguel-medio-de-r-27-mil-em-2026\" target=\"_blank\" rel=\"nofollow noopener noreferrer\">Continue lendo <span class=\"meta-nav\">\u2192<\/span><\/a>\n<hr>\n\n\n<h5>Lan\u00e7amentos de im\u00f3veis de m\u00e9dio e alto padr\u00e3o crescem 18% em Porto Alegre no primeiro semestre<\/h5>\nVeja bairros que lideram\n<a href=\"https:\/\/gauchazh.clicrbs.com.br\/economia\/noticia\/2026\/08\/lancamentos-de-imoveis-de-medio-e-alto-padrao-crescem-18-em-porto-alegre-no-primeiro-semestre-veja-bairros-que-lideram-cmsj47hm501wg016jt9x5cpdn.html\" target=\"_blank\" rel=\"nofollow noopener noreferrer\">Continue lendo <span class=\"meta-nav\">\u2192<\/span><\/a>\n<hr>\n\n<h5>Mercado imobili\u00e1rio da Baixada Santista tem alta nas vendas e queda nas loca\u00e7\u00f5es<\/h5>\nCrescimento de 12,48% nas vendas e recuo de 13,83% nos alugu\u00e9is \n<a href=\"https:\/\/g1.globo.com\/sp\/santos-regiao\/noticia\/2026\/08\/09\/mercado-imobiliario-da-baixada-santista-tem-alta-nas-vendas-e-queda-nas-locacoes-em-junho.ghtml\" target=\"_blank\" rel=\"nofollow noopener noreferrer\">Continue lendo <span class=\"meta-nav\">\u2192<\/span><\/a>\n<hr>\n\n<h5>Quais s\u00e3o as 15 cidades com o metro quadrado mais caro do Brasil?<\/h5>\nVit\u00f3ria ultrapassou Itapema e Balne\u00e1rio Cambori\u00fa, que dominavam o topo do ranking\n<a href=\"https:\/\/exame.com\/mercado-imobiliario\/quais-sao-as-15-cidades-com-o-metro-quadrado-mais-caro-do-brasil-veja-o-ranking\/\" target=\"_blank\" rel=\"nofollow noopener noreferrer\">Continue lendo <span class=\"meta-nav\">\u2192<\/span><\/a>\n<hr>\n\n<h5>Vit\u00f3ria volta a ter o m\u00b2 mais caro do pa\u00eds<\/h5>\nO que est\u00e1 por tr\u00e1s disso? \n<a href=\"https:\/\/www.agazeta.com.br\/imoveis\/inovacao\/vitoria-volta-a-ter-o-m-mais-caro-do-pais-mas-o-que-esta-por-tras-disso-0826\" target=\"_blank\" rel=\"nofollow noopener noreferrer\">Continue lendo <span class=\"meta-nav\">\u2192<\/span><\/a>\n<hr>\n\n<h5> Salvador lidera alta nos im\u00f3veis<\/h5>\nCapital baiana supera m\u00e9dia nacional, reduz estoque de im\u00f3veis e mant\u00e9m ritmo forte de vendas no mercado residencial.\n<a href=\"https:\/\/paraibabusiness.com.br\/salvador-lidera-alta-nos-imoveis-e-acumula-valorizacao-de-243\/\" target=\"_blank\" rel=\"nofollow noopener noreferrer\">Continue lendo <span class=\"meta-nav\">\u2192<\/span><\/a>\n<hr>\n\n\n\n\n<div class=\"phase-content__flag phase-1\"><h3>Legisla\u00e7\u00e3o<\/h3><\/div>\n\n<h5>Inquilino paga 12 meses de aluguel antecipado<\/h5>\nNovo propriet\u00e1rio exige que apartamento seja desocupado em 30 dias\n<a href=\"https:\/\/oantagonista.com.br\/ladooa\/entretenimento\/inquilino-paga-12-meses-de-aluguel-antecipado-e-novo-proprietario-exige-que-apartamento-seja-desocupado-em-30-dias\/\" target=\"_blank\" rel=\"nofollow noopener noreferrer\">Continue lendo <span class=\"meta-nav\">\u2192<\/span><\/a>\n<hr>\n\n\n<h5>Loca\u00e7\u00e3o por temporada<\/h5>\nO que o STJ j\u00e1 decidiu e o que falta analisar? \n<a href=\"https:\/\/www.migalhas.com.br\/quentes\/461557\/locacao-por-temporada-o-que-o-stj-ja-decidiu-e-o-que-falta-analisar\" target=\"_blank\" rel=\"nofollow noopener noreferrer\">Continue lendo <span class=\"meta-nav\">\u2192<\/span><\/a>\n<hr>\n\n\n<h5>Indeniza\u00e7\u00e3o por benfeitorias e acess\u00f5es em loca\u00e7\u00e3o de im\u00f3vel<\/h5>\n<a href=\"https:\/\/conjur.com.br\/2026-ago-18\/indenizacao-por-benfeitorias-e-acessoes-em-locacao-de-imovel\/\" target=\"_blank\" rel=\"nofollow noopener noreferrer\">Continue lendo <span class=\"meta-nav\">\u2192<\/span><\/a>\n<hr>\n\n<h5>Construiu no terreno de outro<\/h5>\nQuem fica com a obra, segundo a lei\n<a href=\"https:\/\/surgiu.com.br\/2026\/08\/16\/construcao-em-terreno-de-terceiro-acessao-artigo-1255-gstts\/\" target=\"_blank\" rel=\"nofollow noopener noreferrer\">Continue lendo <span class=\"meta-nav\">\u2192<\/span><\/a>\n<hr>\n\n\n<h5>Reformas estruturais n\u00e3o autorizadas feitas pelo inquilino<\/h5>\nAltera\u00e7\u00f5es realizadas durante a loca\u00e7\u00e3o podem comprometer a seguran\u00e7a do im\u00f3vel e gerar consequ\u00eancias para o inquilino.\n<a href=\"https:\/\/midiamax.com.br\/trends\/2026\/08\/23\/proprietario-de-apartamento-alugado-descobre-reformas-estruturais-nao-autorizadas-feitas-pelo-inquilino-aciona-a-justica-e-obtem-liminar-para-interdicao-da-obra-e-restauracao-do-imovel\/\" target=\"_blank\" rel=\"nofollow noopener noreferrer\">Continue lendo <span class=\"meta-nav\">\u2192<\/span><\/a>\n<hr>\n\n\n<div class=\"phase-content__flag phase-1\"><h3>Tributa\u00e7\u00e3o e impostos<\/h3><\/div>\n\n<h5>Come\u00e7a o prazo para entrega da declara\u00e7\u00e3o do ITR<\/h5>\nVeja como fazer e evitar multas\n<a href=\"https:\/\/globorural.globo.com\/economia\/noticia\/2026\/08\/comeca-o-prazo-para-entrega-da-declaracao-do-itr-veja-como-fazer-e-evitar-multas.ghtml\" target=\"_blank\" rel=\"nofollow noopener noreferrer\">Continue lendo <span class=\"meta-nav\">\u2192<\/span><\/a>\n<hr>\n\n\n<div class=\"phase-content__flag phase-1\"><h3>Investimento<\/h3><\/div>\n\n<h5>Vale a pena investir em aluguel de temporada?<\/h5>\nVeja o que avaliar\n<a href=\"https:\/\/esbrasil.com.br\/busca-imoveis-compactos-cresce-por-aluguel\/\" target=\"_blank\" rel=\"nofollow noopener noreferrer\">Continue lendo <span class=\"meta-nav\">\u2192<\/span><\/a>\n<hr>\n\n<h5>Leil\u00e3o de im\u00f3veis \u00e9 oportunidade ou armadilha?<\/h5>\nAbatimento elevado pode esconder d\u00edvidas, problemas relacionados ao im\u00f3vel ou at\u00e9 condi\u00e7\u00f5es espec\u00edficas do leil\u00e3o\n<a href=\"https:\/\/sbtnews.sbt.com.br\/noticia\/economia\/leilao-de-imoveis-e-oportunidade-ou-armadilha-entenda\" target=\"_blank\" rel=\"nofollow noopener noreferrer\">Continue lendo <span class=\"meta-nav\">\u2192<\/span><\/a>\n<hr>\n\n\n\n<div class=\"phase-content__flag phase-1\"><h3>Dicas<\/h3><\/div>\n\n\n<h5>Pagou aluguel por Pix?<\/h5>\nComprovante sozinho pode n\u00e3o provar a quita\u00e7\u00e3o; veja como se proteger e o que vale na Justi\u00e7a\n<a href=\"https:\/\/ampost.com.br\/brasil\/pagou-aluguel-por-pix-comprovante-sozinho-pode-nao-provar-a-quitacao-veja-como-se-proteger-e-o-que-vale-na-justica\/\" target=\"_blank\" rel=\"nofollow noopener noreferrer\">Continue lendo <span class=\"meta-nav\">\u2192<\/span><\/a>\n<hr>\n\n<h5>Vai alugar sem fiador?<\/h5>\nEntenda as diferen\u00e7as entre as garantias dispon\u00edveis \n<a href=\"https:\/\/www.infomoney.com.br\/minhas-financas\/vai-alugar-sem-fiador-entenda-as-diferencas-entre-as-garantias-disponiveis\/\" target=\"_blank\" rel=\"nofollow noopener noreferrer\">Continue lendo <span class=\"meta-nav\">\u2192<\/span><\/a>\n<hr>\n\n\n\n<div class=\"phase-content__flag phase-1\"><h3>Outros<\/h3><\/div>\n\n<h5>Fechamento de lojas da Casas Bahia pressiona mercado imobili\u00e1rio<\/h5>\nRedu\u00e7\u00e3o da presen\u00e7a f\u00edsica da Casas Bahia deve provocar reorganiza\u00e7\u00e3o da demanda por im\u00f3veis log\u00edsticos\n<a href=\"https:\/\/economia.uol.com.br\/noticias\/redacao\/2026\/08\/19\/fechamento-de-lojas-da-casas-bahia-pressiona-mercado-imobiliario.ghtm?cmpid=copiaecola\" target=\"_blank\" rel=\"nofollow noopener noreferrer\">Continue lendo <span class=\"meta-nav\">\u2192<\/span><\/a>\n<hr>\n\n<h5>Port\u00e3o eletr\u00f4nico basculante que projeta 1 metro para fora da cal\u00e7ada<\/h5>\nA prefeitura aplica multa\n<a href=\"https:\/\/www.correiobraziliense.com.br\/cbradar\/morador-instalou-portao-eletronico-basculante-que-projeta-1-metro-para-fora-da-calcada-ao-abrir-atingindo-pedestres-que-passam-pelo-local-a-prefeitura-aplica-multa-e-notifica-o-proprietario-para-alt\/\" target=\"_blank\" rel=\"nofollow noopener noreferrer\">Continue lendo <span class=\"meta-nav\">\u2192<\/span><\/a>\n<hr>\n\n<h5> Inquilino instala cozinha planejada de R$ 31 mil<\/h5>\nO propriet\u00e1rio se recusa a permitir a retirada dos arm\u00e1rios no fim do contrato \n<a href=\"https:\/\/oantagonista.com.br\/ladooa\/entretenimento\/inquilino-instala-cozinha-planejada-de-r-31-mil-e-proprietario-se-recusa-a-permitir-a-retirada-dos-armarios-no-fim-do-contrato\/\" target=\"_blank\" rel=\"nofollow noopener noreferrer\">Continue lendo <span class=\"meta-nav\">\u2192<\/span><\/a>\n<hr>\n","protected":false},"excerpt":{"rendered":"<p>Como todos os meses, a Rentila traz para voc\u00ea um resumo das principais not\u00edcias do mercado imobili\u00e1rio, importantes para propriet\u00e1rios e inquilinos. Em nosso artigo de agosto: alta dos alugu\u00e9is e dos custos de moradia; crescimento dos studios e im\u00f3veis compactos; impactos das loca\u00e7\u00f5es por temporada e do Airbnb; valoriza\u00e7\u00e3o dos im\u00f3veis, com destaque para [&hellip;]<\/p>\n","protected":false},"author":7,"featured_media":0,"comment_status":"closed","ping_status":"closed","sticky":false,"template":"","format":"standard","meta":{"footnotes":""},"categories":[59],"tags":[147],"class_list":["post-7807","post","type-post","status-publish","format-standard","hentry","category-news","tag-noticias-do-mercado-imobiliario"],"yoast_head":"<!-- This site is optimized with the Yoast SEO plugin v28.3 - https:\/\/yoast.com\/product\/yoast-seo-wordpress\/ -->\n<title>Resumo do mercado imobili\u00e1rio \u2013 agosto de 2026 - Blog de gest\u00e3o de im\u00f3veis para propriet\u00e1rios<\/title>\n<meta name=\"robots\" content=\"index, follow, max-snippet:-1, max-image-preview:large, max-video-preview:-1\" \/>\n<link rel=\"canonical\" href=\"https:\/\/www.rentila.com.br\/blog\/resumo-do-mercado-imobiliario-agosto-de-2026\/\" \/>\n<meta property=\"og:locale\" content=\"pt_BR\" \/>\n<meta property=\"og:type\" content=\"article\" \/>\n<meta property=\"og:title\" content=\"Resumo do mercado imobili\u00e1rio \u2013 agosto de 2026 - Blog de gest\u00e3o de im\u00f3veis para propriet\u00e1rios\" \/>\n<meta property=\"og:description\" content=\"Como todos os meses, a Rentila traz para voc\u00ea um resumo das principais not\u00edcias do mercado imobili\u00e1rio, importantes para propriet\u00e1rios e inquilinos. Em nosso artigo de agosto: alta dos alugu\u00e9is e dos custos de moradia; crescimento dos studios e im\u00f3veis compactos; impactos das loca\u00e7\u00f5es por temporada e do Airbnb; valoriza\u00e7\u00e3o dos im\u00f3veis, com destaque para [&hellip;]\" \/>\n<meta property=\"og:url\" content=\"https:\/\/www.rentila.com.br\/blog\/resumo-do-mercado-imobiliario-agosto-de-2026\/\" \/>\n<meta property=\"og:site_name\" content=\"Blog de gest\u00e3o de im\u00f3veis para propriet\u00e1rios\" \/>\n<meta property=\"article:publisher\" content=\"https:\/\/www.facebook.com\/Rentila-Espa%c3%b1a-234200993854422\/\" \/>\n<meta property=\"article:published_time\" content=\"2026-08-31T11:27:41+00:00\" \/>\n<meta property=\"article:modified_time\" content=\"2026-08-31T11:27:44+00:00\" \/>\n<meta property=\"og:image\" content=\"https:\/\/www.rentila.com.br\/assets\/img\/blog\/blog_news_2.png\" \/>\n<meta name=\"author\" content=\"Krasi\" \/>\n<meta name=\"twitter:card\" content=\"summary_large_image\" \/>\n<meta name=\"twitter:label1\" content=\"Escrito por\" \/>\n\t<meta name=\"twitter:data1\" content=\"Krasi\" \/>\n\t<meta name=\"twitter:label2\" content=\"Est. tempo de leitura\" \/>\n\t<meta name=\"twitter:data2\" content=\"6 minutos\" \/>\n<script type=\"application\/ld+json\" class=\"yoast-schema-graph\">{\"@context\":\"https:\\\/\\\/schema.org\",\"@graph\":[{\"@type\":\"Article\",\"@id\":\"https:\\\/\\\/www.rentila.com.br\\\/blog\\\/resumo-do-mercado-imobiliario-agosto-de-2026\\\/#article\",\"isPartOf\":{\"@id\":\"https:\\\/\\\/www.rentila.com.br\\\/blog\\\/resumo-do-mercado-imobiliario-agosto-de-2026\\\/\"},\"author\":{\"name\":\"Krasi\",\"@id\":\"https:\\\/\\\/www.rentila.com.br\\\/blog\\\/#\\\/schema\\\/person\\\/c29493b90e4c4b81d08ed93e3320efe1\"},\"headline\":\"Resumo do mercado imobili\u00e1rio \u2013 agosto de 2026\",\"datePublished\":\"2026-08-31T11:27:41+00:00\",\"dateModified\":\"2026-08-31T11:27:44+00:00\",\"mainEntityOfPage\":{\"@id\":\"https:\\\/\\\/www.rentila.com.br\\\/blog\\\/resumo-do-mercado-imobiliario-agosto-de-2026\\\/\"},\"wordCount\":962,\"image\":{\"@id\":\"https:\\\/\\\/www.rentila.com.br\\\/blog\\\/resumo-do-mercado-imobiliario-agosto-de-2026\\\/#primaryimage\"},\"thumbnailUrl\":\"https:\\\/\\\/www.rentila.com.br\\\/assets\\\/img\\\/blog\\\/blog_news_2.png\",\"keywords\":[\"noticias do mercado imobili\u00e1rio\"],\"articleSection\":[\"Not\u00edcias\"],\"inLanguage\":\"pt-BR\"},{\"@type\":\"WebPage\",\"@id\":\"https:\\\/\\\/www.rentila.com.br\\\/blog\\\/resumo-do-mercado-imobiliario-agosto-de-2026\\\/\",\"url\":\"https:\\\/\\\/www.rentila.com.br\\\/blog\\\/resumo-do-mercado-imobiliario-agosto-de-2026\\\/\",\"name\":\"Resumo do mercado imobili\u00e1rio \u2013 agosto de 2026 - Blog de gest\u00e3o de im\u00f3veis para propriet\u00e1rios\",\"isPartOf\":{\"@id\":\"https:\\\/\\\/www.rentila.com.br\\\/blog\\\/#website\"},\"primaryImageOfPage\":{\"@id\":\"https:\\\/\\\/www.rentila.com.br\\\/blog\\\/resumo-do-mercado-imobiliario-agosto-de-2026\\\/#primaryimage\"},\"image\":{\"@id\":\"https:\\\/\\\/www.rentila.com.br\\\/blog\\\/resumo-do-mercado-imobiliario-agosto-de-2026\\\/#primaryimage\"},\"thumbnailUrl\":\"https:\\\/\\\/www.rentila.com.br\\\/assets\\\/img\\\/blog\\\/blog_news_2.png\",\"datePublished\":\"2026-08-31T11:27:41+00:00\",\"dateModified\":\"2026-08-31T11:27:44+00:00\",\"author\":{\"@id\":\"https:\\\/\\\/www.rentila.com.br\\\/blog\\\/#\\\/schema\\\/person\\\/c29493b90e4c4b81d08ed93e3320efe1\"},\"breadcrumb\":{\"@id\":\"https:\\\/\\\/www.rentila.com.br\\\/blog\\\/resumo-do-mercado-imobiliario-agosto-de-2026\\\/#breadcrumb\"},\"inLanguage\":\"pt-BR\",\"potentialAction\":[{\"@type\":\"ReadAction\",\"target\":[\"https:\\\/\\\/www.rentila.com.br\\\/blog\\\/resumo-do-mercado-imobiliario-agosto-de-2026\\\/\"]}]},{\"@type\":\"ImageObject\",\"inLanguage\":\"pt-BR\",\"@id\":\"https:\\\/\\\/www.rentila.com.br\\\/blog\\\/resumo-do-mercado-imobiliario-agosto-de-2026\\\/#primaryimage\",\"url\":\"https:\\\/\\\/www.rentila.com.br\\\/assets\\\/img\\\/blog\\\/blog_news_2.png\",\"contentUrl\":\"https:\\\/\\\/www.rentila.com.br\\\/assets\\\/img\\\/blog\\\/blog_news_2.png\"},{\"@type\":\"BreadcrumbList\",\"@id\":\"https:\\\/\\\/www.rentila.com.br\\\/blog\\\/resumo-do-mercado-imobiliario-agosto-de-2026\\\/#breadcrumb\",\"itemListElement\":[{\"@type\":\"ListItem\",\"position\":1,\"name\":\"Home\",\"item\":\"https:\\\/\\\/www.rentila.com.br\\\/blog\\\/\"},{\"@type\":\"ListItem\",\"position\":2,\"name\":\"Resumo do mercado imobili\u00e1rio \u2013 agosto de 2026\"}]},{\"@type\":\"WebSite\",\"@id\":\"https:\\\/\\\/www.rentila.com.br\\\/blog\\\/#website\",\"url\":\"https:\\\/\\\/www.rentila.com.br\\\/blog\\\/\",\"name\":\"Blog de gest\u00e3o de im\u00f3veis para propriet\u00e1rios\",\"description\":\"Conselhos pr\u00e1ticos, not\u00edcias imobili\u00e1rias\",\"potentialAction\":[{\"@type\":\"SearchAction\",\"target\":{\"@type\":\"EntryPoint\",\"urlTemplate\":\"https:\\\/\\\/www.rentila.com.br\\\/blog\\\/?s={search_term_string}\"},\"query-input\":{\"@type\":\"PropertyValueSpecification\",\"valueRequired\":true,\"valueName\":\"search_term_string\"}}],\"inLanguage\":\"pt-BR\"},{\"@type\":\"Person\",\"@id\":\"https:\\\/\\\/www.rentila.com.br\\\/blog\\\/#\\\/schema\\\/person\\\/c29493b90e4c4b81d08ed93e3320efe1\",\"name\":\"Krasi\",\"image\":{\"@type\":\"ImageObject\",\"inLanguage\":\"pt-BR\",\"@id\":\"https:\\\/\\\/secure.gravatar.com\\\/avatar\\\/552ce5ddfd848d474a42199d1518219d1239e194c10fe8854baa7b156ceefdfa?s=96&d=mm&r=g\",\"url\":\"https:\\\/\\\/secure.gravatar.com\\\/avatar\\\/552ce5ddfd848d474a42199d1518219d1239e194c10fe8854baa7b156ceefdfa?s=96&d=mm&r=g\",\"contentUrl\":\"https:\\\/\\\/secure.gravatar.com\\\/avatar\\\/552ce5ddfd848d474a42199d1518219d1239e194c10fe8854baa7b156ceefdfa?s=96&d=mm&r=g\",\"caption\":\"Krasi\"},\"url\":\"https:\\\/\\\/www.rentila.com.br\\\/blog\\\/author\\\/krasi\\\/\"}]}<\/script>\n<!-- \/ Yoast SEO plugin. -->","yoast_head_json":{"title":"Resumo do mercado imobili\u00e1rio \u2013 agosto de 2026 - Blog de gest\u00e3o de im\u00f3veis para propriet\u00e1rios","robots":{"index":"index","follow":"follow","max-snippet":"max-snippet:-1","max-image-preview":"max-image-preview:large","max-video-preview":"max-video-preview:-1"},"canonical":"https:\/\/www.rentila.com.br\/blog\/resumo-do-mercado-imobiliario-agosto-de-2026\/","og_locale":"pt_BR","og_type":"article","og_title":"Resumo do mercado imobili\u00e1rio \u2013 agosto de 2026 - Blog de gest\u00e3o de im\u00f3veis para propriet\u00e1rios","og_description":"Como todos os meses, a Rentila traz para voc\u00ea um resumo das principais not\u00edcias do mercado imobili\u00e1rio, importantes para propriet\u00e1rios e inquilinos. Em nosso artigo de agosto: alta dos alugu\u00e9is e dos custos de moradia; crescimento dos studios e im\u00f3veis compactos; impactos das loca\u00e7\u00f5es por temporada e do Airbnb; valoriza\u00e7\u00e3o dos im\u00f3veis, com destaque para [&hellip;]","og_url":"https:\/\/www.rentila.com.br\/blog\/resumo-do-mercado-imobiliario-agosto-de-2026\/","og_site_name":"Blog de gest\u00e3o de im\u00f3veis para propriet\u00e1rios","article_publisher":"https:\/\/www.facebook.com\/Rentila-Espa%c3%b1a-234200993854422\/","article_published_time":"2026-08-31T11:27:41+00:00","article_modified_time":"2026-08-31T11:27:44+00:00","og_image":[{"url":"https:\/\/www.rentila.com.br\/assets\/img\/blog\/blog_news_2.png","type":"","width":"","height":""}],"author":"Krasi","twitter_card":"summary_large_image","twitter_misc":{"Escrito por":"Krasi","Est. tempo de leitura":"6 minutos"},"schema":{"@context":"https:\/\/schema.org","@graph":[{"@type":"Article","@id":"https:\/\/www.rentila.com.br\/blog\/resumo-do-mercado-imobiliario-agosto-de-2026\/#article","isPartOf":{"@id":"https:\/\/www.rentila.com.br\/blog\/resumo-do-mercado-imobiliario-agosto-de-2026\/"},"author":{"name":"Krasi","@id":"https:\/\/www.rentila.com.br\/blog\/#\/schema\/person\/c29493b90e4c4b81d08ed93e3320efe1"},"headline":"Resumo do mercado imobili\u00e1rio \u2013 agosto de 2026","datePublished":"2026-08-31T11:27:41+00:00","dateModified":"2026-08-31T11:27:44+00:00","mainEntityOfPage":{"@id":"https:\/\/www.rentila.com.br\/blog\/resumo-do-mercado-imobiliario-agosto-de-2026\/"},"wordCount":962,"image":{"@id":"https:\/\/www.rentila.com.br\/blog\/resumo-do-mercado-imobiliario-agosto-de-2026\/#primaryimage"},"thumbnailUrl":"https:\/\/www.rentila.com.br\/assets\/img\/blog\/blog_news_2.png","keywords":["noticias do mercado imobili\u00e1rio"],"articleSection":["Not\u00edcias"],"inLanguage":"pt-BR"},{"@type":"WebPage","@id":"https:\/\/www.rentila.com.br\/blog\/resumo-do-mercado-imobiliario-agosto-de-2026\/","url":"https:\/\/www.rentila.com.br\/blog\/resumo-do-mercado-imobiliario-agosto-de-2026\/","name":"Resumo do mercado imobili\u00e1rio \u2013 agosto de 2026 - Blog de gest\u00e3o de im\u00f3veis para propriet\u00e1rios","isPartOf":{"@id":"https:\/\/www.rentila.com.br\/blog\/#website"},"primaryImageOfPage":{"@id":"https:\/\/www.rentila.com.br\/blog\/resumo-do-mercado-imobiliario-agosto-de-2026\/#primaryimage"},"image":{"@id":"https:\/\/www.rentila.com.br\/blog\/resumo-do-mercado-imobiliario-agosto-de-2026\/#primaryimage"},"thumbnailUrl":"https:\/\/www.rentila.com.br\/assets\/img\/blog\/blog_news_2.png","datePublished":"2026-08-31T11:27:41+00:00","dateModified":"2026-08-31T11:27:44+00:00","author":{"@id":"https:\/\/www.rentila.com.br\/blog\/#\/schema\/person\/c29493b90e4c4b81d08ed93e3320efe1"},"breadcrumb":{"@id":"https:\/\/www.rentila.com.br\/blog\/resumo-do-mercado-imobiliario-agosto-de-2026\/#breadcrumb"},"inLanguage":"pt-BR","potentialAction":[{"@type":"ReadAction","target":["https:\/\/www.rentila.com.br\/blog\/resumo-do-mercado-imobiliario-agosto-de-2026\/"]}]},{"@type":"ImageObject","inLanguage":"pt-BR","@id":"https:\/\/www.rentila.com.br\/blog\/resumo-do-mercado-imobiliario-agosto-de-2026\/#primaryimage","url":"https:\/\/www.rentila.com.br\/assets\/img\/blog\/blog_news_2.png","contentUrl":"https:\/\/www.rentila.com.br\/assets\/img\/blog\/blog_news_2.png"},{"@type":"BreadcrumbList","@id":"https:\/\/www.rentila.com.br\/blog\/resumo-do-mercado-imobiliario-agosto-de-2026\/#breadcrumb","itemListElement":[{"@type":"ListItem","position":1,"name":"Home","item":"https:\/\/www.rentila.com.br\/blog\/"},{"@type":"ListItem","position":2,"name":"Resumo do mercado imobili\u00e1rio \u2013 agosto de 2026"}]},{"@type":"WebSite","@id":"https:\/\/www.rentila.com.br\/blog\/#website","url":"https:\/\/www.rentila.com.br\/blog\/","name":"Blog de gest\u00e3o de im\u00f3veis para propriet\u00e1rios","description":"Conselhos pr\u00e1ticos, not\u00edcias imobili\u00e1rias","potentialAction":[{"@type":"SearchAction","target":{"@type":"EntryPoint","urlTemplate":"https:\/\/www.rentila.com.br\/blog\/?s={search_term_string}"},"query-input":{"@type":"PropertyValueSpecification","valueRequired":true,"valueName":"search_term_string"}}],"inLanguage":"pt-BR"},{"@type":"Person","@id":"https:\/\/www.rentila.com.br\/blog\/#\/schema\/person\/c29493b90e4c4b81d08ed93e3320efe1","name":"Krasi","image":{"@type":"ImageObject","inLanguage":"pt-BR","@id":"https:\/\/secure.gravatar.com\/avatar\/552ce5ddfd848d474a42199d1518219d1239e194c10fe8854baa7b156ceefdfa?s=96&d=mm&r=g","url":"https:\/\/secure.gravatar.com\/avatar\/552ce5ddfd848d474a42199d1518219d1239e194c10fe8854baa7b156ceefdfa?s=96&d=mm&r=g","contentUrl":"https:\/\/secure.gravatar.com\/avatar\/552ce5ddfd848d474a42199d1518219d1239e194c10fe8854baa7b156ceefdfa?s=96&d=mm&r=g","caption":"Krasi"},"url":"https:\/\/www.rentila.com.br\/blog\/author\/krasi\/"}]}},"_links":{"self":[{"href":"https:\/\/www.rentila.com.br\/blog\/wp-json\/wp\/v2\/posts\/7807","targetHints":{"allow":["GET"]}}],"collection":[{"href":"https:\/\/www.rentila.com.br\/blog\/wp-json\/wp\/v2\/posts"}],"about":[{"href":"https:\/\/www.rentila.com.br\/blog\/wp-json\/wp\/v2\/types\/post"}],"author":[{"embeddable":true,"href":"https:\/\/www.rentila.com.br\/blog\/wp-json\/wp\/v2\/users\/7"}],"replies":[{"embeddable":true,"href":"https:\/\/www.rentila.com.br\/blog\/wp-json\/wp\/v2\/comments?post=7807"}],"version-history":[{"count":1,"href":"https:\/\/www.rentila.com.br\/blog\/wp-json\/wp\/v2\/posts\/7807\/revisions"}],"predecessor-version":[{"id":7809,"href":"https:\/\/www.rentila.com.br\/blog\/wp-json\/wp\/v2\/posts\/7807\/revisions\/7809"}],"wp:attachment":[{"href":"https:\/\/www.rentila.com.br\/blog\/wp-json\/wp\/v2\/media?parent=7807"}],"wp:term":[{"taxonomy":"category","embeddable":true,"href":"https:\/\/www.rentila.com.br\/blog\/wp-json\/wp\/v2\/categories?post=7807"},{"taxonomy":"post_tag","embeddable":true,"href":"https:\/\/www.rentila.com.br\/blog\/wp-json\/wp\/v2\/tags?post=7807"}],"curies":[{"name":"wp","href":"https:\/\/api.w.org\/{rel}","templated":true}]}}