{"id":6719,"date":"2025-04-30T22:56:28","date_gmt":"2025-04-30T22:56:28","guid":{"rendered":"https:\/\/www.rentila.com.br\/blog\/?p=6719"},"modified":"2025-11-01T13:30:52","modified_gmt":"2025-11-01T13:30:52","slug":"noticias-do-mercado-imobiliario-do-mes-de-abril-de-2025","status":"publish","type":"post","link":"https:\/\/www.rentila.com.br\/blog\/noticias-do-mercado-imobiliario-do-mes-de-abril-de-2025\/","title":{"rendered":"Not\u00edcias do mercado imobili\u00e1rio do m\u00eas de abril de 2025"},"content":{"rendered":"\n<div><img decoding=\"async\" class=\"alignleft size-full wp-image-516\" title=\"newspaper\" src=\"https:\/\/www.rentila.com.br\/assets\/img\/blog\/blog_news_3.png\" alt=\"Not\u00edcias do mercado imobili\u00e1rio\" width=\"100%\" height=\"\" \/><\/div>\n<p class=\"lead\">Em nosso artigo de abril de 2025: Minha Casa Minha Vida passou a contemplar fam\u00edlias com renda de at\u00e9 R$ 12 mil, ampliando o acesso \u00e0 moradia. Curitiba, Goi\u00e2nia e S\u00e3o Paulo se destacaram como as cidades mais atrativas para o mercado imobili\u00e1rio, enquanto os alugu\u00e9is continuam subindo, com Salvador registrando aumento de 33% em um ano. O setor tamb\u00e9m vive um boom de lan\u00e7amentos, alcan\u00e7ando o maior crescimento em dez anos. No campo legal e tribut\u00e1rio, mudan\u00e7as na legisla\u00e7\u00e3o de aluguel e novidades na declara\u00e7\u00e3o do IR de im\u00f3veis exigem aten\u00e7\u00e3o. A alta da Selic segue impactando cr\u00e9dito e aluguel, levando alguns consumidores a buscarem leil\u00f5es como alternativa. Tamb\u00e9m discutimos fraudes, im\u00f3veis irregulares e a compara\u00e7\u00e3o entre investir em FIIs ou im\u00f3veis para loca\u00e7\u00e3o. Fique conectado conosco para acompanhar as principais tend\u00eancias e novidades do setor!<\/p>\n<p><!--more--><\/p>\n<div class=\"phase-content__flag phase-1\">Mercado Imobili\u00e1rio<\/div>\n<h5 class=\"wp-block-heading\">Entenda a nova Faixa Minha Casa Minha Vida e veja quem tem direito<\/h5>\n<p>Fam\u00edlias com renda entre R$ 8 mil e R$ 12 mil poder\u00e3o financiar im\u00f3veis de at\u00e9 R$ 500 mil com uso do FGTS. <br \/><a href=\"https:\/\/www.cnnbrasil.com.br\/economia\/financas\/entenda-a-nova-faixa-minha-casa-minha-vida-e-veja-quem-tem-direito\/\" target=\"_blank\" rel=\"noreferrer noopener\">Ler mais \u2192<\/a><\/p>\n<hr \/>\n<h5 class=\"wp-block-heading\">Estas s\u00e3o as tend\u00eancias dos novos lan\u00e7amentos imobili\u00e1rios no Brasil hoje em dia<\/h5>\n<p><a href=\"https:\/\/imoveis.estadao.com.br\/webstories\/estas-sao-as-tendencias-dos-novos-lancamentos-imobiliarios-no-brasil-hoje-em-dia\/\" target=\"_blank\" rel=\"noreferrer noopener\">Ler mais \u2192<\/a><\/p>\n<hr \/>\n<h5 class=\"wp-block-heading\">Aluguel sobe 33% em 1 ano e Salvador<\/h5>\n<p>Apesar do avan\u00e7o expressivo nos pre\u00e7os, Salvador ainda n\u00e3o figura entre as capitais com os alugu\u00e9is mais caros do Brasil. <br \/><a href=\"https:\/\/www.trbn.com.br\/materia\/I128581\/aluguel-sobe-33-em-1-ano-e-salvador-lidera-valorizacao-no-pais\" target=\"_blank\" rel=\"noreferrer noopener\">Ler mais \u2192<\/a><\/p>\n<hr \/>\n<h5 class=\"wp-block-heading\">As tr\u00eas cidades mais atrativas para o mercado imobili\u00e1rio brasileiro<\/h5>\n<p>S\u00e3o Paulo, Goi\u00e2nia e Curitiba s\u00e3o as tr\u00eas cidades mais atrativas para o mercado imobili\u00e1rio brasileiro. <br \/><a href=\"https:\/\/veja.abril.com.br\/coluna\/radar-economico\/as-tres-cidades-mais-atrativas-para-o-mercado-imobiliario-brasileiro\/\" target=\"_blank\" rel=\"noreferrer noopener\">Ler mais \u2192<\/a><\/p>\n<hr \/>\n<h5 class=\"wp-block-heading\">Loca\u00e7\u00e3o de im\u00f3veis se diversifica para acompanhar os novos tempos<\/h5>\n<p>Segmento expandiu com novos tipos de contratos, que v\u00e3o desde o &#8220;short stay&#8221; (curt\u00edssima temporada) para situa\u00e7\u00f5es complexas como o \u201csale and leaseback\u201d (propriet\u00e1rio vende o im\u00f3vel e depois o aluga).<br \/><a href=\"https:\/\/www.agazeta.com.br\/colunas\/raquel-queiroz\/locacao-de-imoveis-se-diversifica-para-acompanhar-os-novos-tempos-0425\" target=\"_blank\" rel=\"noreferrer noopener\">Ler mais \u2192<\/a><\/p>\n<hr \/>\n<h5 class=\"wp-block-heading\">Curitiba, Goi\u00e2nia e S\u00e3o Paulo lideram procura por im\u00f3veis no 1\u00ba tri de 2025<\/h5>\n<p>\u00cdndice de Demanda Imobili\u00e1ria (IDI-Brasil) aponta a capital paranaense como a mais atrativa para fam\u00edlias com renda at\u00e9 R$ 12 mil. <br \/><a href=\"https:\/\/www.cnnbrasil.com.br\/economia\/curitiba-goiania-e-sao-paulo-lideram-procura-por-imoveis-no-1o-tri-de-2025\/\" target=\"_blank\" rel=\"noreferrer noopener\">Ler mais \u2192<\/a><\/p>\n<hr \/>\n<h5 class=\"wp-block-heading\">Minha Casa, Minha Vida: mercado v\u00ea aumento da faixa de renda como positivo<\/h5>\n<p>Jun\u00e7\u00e3o da Faixa 4 do MCMV com a isen\u00e7\u00e3o do IR para quem ganha at\u00e9 R$ 5 mil deve implicar positivamente na din\u00e2mica do setor imobili\u00e1rio em 2025. <br \/><a href=\"https:\/\/www.cnnbrasil.com.br\/economia\/macroeconomia\/minha-casa-minha-vida-mercado-ve-aumento-da-faixa-de-renda-como-positivo\/\" target=\"_blank\" rel=\"noreferrer noopener\">Ler mais \u2192<\/a><\/p>\n<hr \/>\n<h5 class=\"wp-block-heading\">Governo amplia &#8216;Minha Casa, Minha Vida&#8217; para fam\u00edlias com renda at\u00e9 R$ 12 mil<\/h5>\n<p><a href=\"https:\/\/g1.globo.com\/politica\/noticia\/2025\/04\/04\/governo-amplia-minha-casa-minha-vida.ghtml\" target=\"_blank\" rel=\"noreferrer noopener\">Ler mais \u2192<\/a><\/p>\n<hr \/>\n<h5 class=\"wp-block-heading\">Setor de im\u00f3veis tem maior alta em lan\u00e7amentos em dez anos<\/h5>\n<p>Crescimento de 11,8% nas vendas de novos im\u00f3veis em 2024 foi divulgado pela Abrainc. \u00cdndice \u00e9 o mais alto da s\u00e9rie medida desde 2014. <br \/><a href=\"https:\/\/www.terra.com.br\/noticias\/setor-de-imoveis-tem-maior-alta-em-lancamentos-em-dez-anos,ba82f858ab830318e5d515daeee3738aqyxh9u27.html\" target=\"_blank\" rel=\"noreferrer noopener\">Ler mais \u2192<\/a><\/p>\n<hr \/>\n<div class=\"phase-content__flag phase-1\">Legisla\u00e7\u00e3o<\/div>\n<h5 class=\"wp-block-heading\">Fiz um contrato de aluguel de 30 meses, mas ap\u00f3s um ano tenho que sair do im\u00f3vel. Vou pagar multa?<\/h5>\n<p><a href=\"https:\/\/exame.com\/webstories\/invest\/fiz-um-contrato-de-aluguel-de-30-meses-mas-apos-um-ano-tenho-que-sair-do-imovel-vou-pagar-multa-3\/\" target=\"_blank\" rel=\"noreferrer noopener\">Ler mais \u2192<\/a><\/p>\n<hr \/>\n<h5 class=\"wp-block-heading\">Nova lei muda o jogo para quem aluga im\u00f3vel no Brasil \u2014 e j\u00e1 est\u00e1 valendo<\/h5>\n<p>Uma mudan\u00e7a importante na legisla\u00e7\u00e3o est\u00e1 afetando diretamente locadores e inquilinos em todo o pa\u00eds. Entenda como as novas diretrizes podem impactar os contratos de aluguel, as negocia\u00e7\u00f5es de valores e at\u00e9 os seus direitos como inquilino ou propriet\u00e1rio. <br \/><a href=\"https:\/\/www.gizmodo.com.br\/nova-lei-muda-o-jogo-para-quem-aluga-imovel-no-brasil-e-ja-esta-valendo-10928\" target=\"_blank\" rel=\"noreferrer noopener\">Ler mais \u2192<\/a><\/p>\n<hr \/>\n<h5 class=\"wp-block-heading\">Aluguel de curta temporada em condom\u00ednios: voc\u00ea sabe como funciona a lei?<\/h5>\n<p>Seja em um residencial de casas, seja em um pr\u00e9dio de apartamentos, esse tipo de loca\u00e7\u00e3o deve ser feita com muito crit\u00e9rio e responsabilidade. <br \/><a href=\"https:\/\/revistacasaejardim.globo.com\/urbanismo\/imoveis\/noticia\/2025\/04\/aluguel-de-curta-temporada-em-condominios-voce-sabe-como-funciona-a-lei.ghtml\" target=\"_blank\" rel=\"noreferrer noopener\">Ler mais \u2192<\/a><\/p>\n<hr \/>\n<div class=\"phase-content__flag phase-1\">Tributa\u00e7\u00e3o e impostos<\/div>\n<h5 class=\"wp-block-heading\">Como declarar ganhos com im\u00f3vel e aluguel no Imposto de Renda?<\/h5>\n<p>Saber declarar \u00e9 fundamental para evitar cair na malha fina. <br \/><a href=\"https:\/\/agenciabrasil.ebc.com.br\/radioagencia-nacional\/economia\/audio\/2025-04\/como-declarar-ganhos-com-imovel-e-aluguel-no-imposto-de-renda\" target=\"_blank\" rel=\"noreferrer noopener\">Ler mais \u2192<\/a><\/p>\n<hr \/>\n<h5 class=\"wp-block-heading\">Mudan\u00e7as no Imposto de Renda pegam brasileiros de surpresa<\/h5>\n<p>Veja o que voc\u00ea precisa saber. <br \/><a href=\"https:\/\/www.correiobraziliense.com.br\/cbradar\/mudancas-no-imposto-de-renda-pegam-brasileiros-de-surpresa-veja-o-que-voce-precisa-saber\/\" target=\"_blank\" rel=\"noreferrer noopener\">Ler mais \u2192<\/a><\/p>\n<hr \/>\n<h5 class=\"wp-block-heading\">IR 2025: declara\u00e7\u00e3o pr\u00e9-preenchida pode n\u00e3o puxar todos seus dados; entenda<\/h5>\n<p>Dados desatualizados ou incompletos podem comprometer sua declara\u00e7\u00e3o. Saiba como revisar as informa\u00e7\u00f5es antes de enviar. <br \/><a href=\"https:\/\/www.cnnbrasil.com.br\/economia\/financas\/ir-2025-declaracao-pre-preenchida-pode-nao-puxar-todos-seus-dados-entenda\/\" target=\"_blank\" rel=\"noreferrer noopener\">Ler mais \u2192<\/a><\/p>\n<hr \/>\n<h5 class=\"wp-block-heading\">IR 2025: Tudo sobre a declara\u00e7\u00e3o de im\u00f3veis e transa\u00e7\u00f5es imobili\u00e1rias<\/h5>\n<p>Saiba como informar compras, vendas, doa\u00e7\u00f5es, financiamentos e reformas na sua declara\u00e7\u00e3o e evite cair na malha fina. <br \/><a href=\"https:\/\/www.cnnbrasil.com.br\/economia\/financas\/ir-2025-tudo-sobre-a-declaracao-de-imoveis-e-transacoes-imobiliarias\/\" target=\"_blank\" rel=\"noreferrer noopener\">Ler mais \u2192<\/a><\/p>\n<hr \/>\n<h5 class=\"wp-block-heading\">Alugou seu im\u00f3vel via Airbnb?<\/h5>\n<p>Saiba como declarar para a Receita Federal. <br \/><a href=\"https:\/\/economia.uol.com.br\/imposto-de-renda\/noticias\/redacao\/2025\/04\/02\/alugou-seu-imovel-via-airbnb-saiba-como-declarar-para-a-receita-federal.htm\" target=\"_blank\" rel=\"noreferrer noopener\">Ler mais \u2192<\/a><\/p>\n<hr \/>\n<h5 class=\"wp-block-heading\">IR 2025: declarar aluguel pago no ano passado aumenta a restitui\u00e7\u00e3o?<\/h5>\n<p>Mesmo que o aluguel n\u00e3o gere abatimento no imposto devido nem aumento na restitui\u00e7\u00e3o \u00e9 necess\u00e1rio declarar essa informa\u00e7\u00e3o ao Fisco. <br \/><a href=\"https:\/\/www.cnnbrasil.com.br\/economia\/financas\/ir-2025-declarar-aluguel-pago-no-ano-passado-aumenta-a-restituicao\/#goog_rewarded\" target=\"_blank\" rel=\"noreferrer noopener\">Ler mais \u2192<\/a><\/p>\n<hr \/>\n<div class=\"phase-content__flag phase-1\">Cr\u00e9dito<\/div>\n<h5 class=\"wp-block-heading\">Alta dos juros faz pessoas desistirem de comprar im\u00f3veis da forma tradicional e leil\u00e3o se torna op\u00e7\u00e3o vi\u00e1vel<\/h5>\n<p>Cr\u00e9dito mais caro leva mais pessoas a buscarem alternativas para compra de im\u00f3veis. <br \/><a href=\"https:\/\/www.bnews.com.br\/noticias\/economia-e-mercado\/alta-dos-juros-faz-pessoas-desistirem-de-comprar-imoveis-da-forma-tradicional-e-leilao-se-torna-opcao-viavel.html\" target=\"_blank\" rel=\"noreferrer noopener\">Ler mais \u2192<\/a><\/p>\n<hr \/>\n<h5 class=\"wp-block-heading\">Alta da Selic: como ela impacta diretamente o seu aluguel<\/h5>\n<p><a href=\"https:\/\/seucreditodigital.com.br\/alta-selic-impacto-aluguel-imoveis\/\" target=\"_blank\" rel=\"noreferrer noopener\">Ler mais \u2192<\/a><\/p>\n<hr \/>\n<h5 class=\"wp-block-heading\">Como funciona o sistema de pontos no financiamento de im\u00f3veis?<\/h5>\n<p>Entenda a import\u00e2ncia do score de cr\u00e9dito na obten\u00e7\u00e3o de um financiamento imobili\u00e1rio e como ele influencia nas condi\u00e7\u00f5es oferecidas pelos bancos. <br \/><a href=\"https:\/\/exame.com\/mercado-imobiliario\/como-funciona-o-sistema-de-pontos-no-financiamento-de-imoveis\/\" target=\"_blank\" rel=\"noreferrer noopener\">Ler mais \u2192<\/a><\/p>\n<hr \/>\n<div class=\"phase-content__flag phase-1\">Dicas<\/div>\n<h5 class=\"wp-block-heading\">Saiba identificar se o im\u00f3vel que voc\u00ea est\u00e1 comprando \u00e9 irregular<\/h5>\n<p>Confira como saber a regularidade do bem. <br \/><a href=\"https:\/\/dol.com.br\/noticias\/para\/903015\/saiba-identificar-se-o-imovel-que-voce-esta-comprando-e-irregular?d=1\" target=\"_blank\" rel=\"noreferrer noopener\">Ler mais \u2192<\/a><\/p>\n<hr \/>\n<h5 class=\"wp-block-heading\">Quer comprar um im\u00f3vel? Veja os cuidados essenciais antes de fechar neg\u00f3cio<\/h5>\n<p>Al\u00e9m de avaliar o estado do bem, \u00e9 fundamental considerar os custos \u201cescondidos\u201d que podem pesar no bolso. <br \/><a href=\"https:\/\/einvestidor.estadao.com.br\/educacao-financeira\/principais-cuidados-compra-imovel\/\" target=\"_blank\" rel=\"noreferrer noopener\">Ler mais \u2192<\/a><\/p>\n<hr \/>\n<h5 class=\"wp-block-heading\">FIIs ou im\u00f3vel para loca\u00e7\u00e3o? Simula\u00e7\u00e3o com R$ 500 mil aponta quem rende mais<\/h5>\n<p>Relat\u00f3rio do Santander analisa a rentabilidade da loca\u00e7\u00e3o de im\u00f3vel em compara\u00e7\u00e3o com os rendimentos dos FIIs ao longo de tr\u00eas anos. <br \/><a href=\"https:\/\/www.infomoney.com.br\/onde-investir\/fiis-ou-imovel-para-locacao-simulacao-com-r-500-mil-aponta-quem-rende-mais\/\" target=\"_blank\" rel=\"noreferrer noopener\">Ler mais \u2192<\/a><\/p>\n<hr \/>\n<div class=\"phase-content__flag phase-1\">Comportamento<\/div>\n<h5 class=\"wp-block-heading\">Gera\u00e7\u00e3o X \u00e9 maioria entre quem procura por aluguel<\/h5>\n<p>Entenda o porqu\u00ea. <br \/><a href=\"https:\/\/www.agazeta.com.br\/hub-imobi\/inovacao\/geracao-x-e-maioria-entre-quem-procura-por-aluguel-entenda-o-porque-0425\" target=\"_blank\" rel=\"noreferrer noopener\">Ler mais \u2192<\/a><\/p>\n<hr \/>\n<div class=\"phase-content__flag phase-1\">Outro<\/div>\n<h5 class=\"wp-block-heading\">Como os im\u00f3veis s\u00e3o utilizados na lavagem de dinheiro?<\/h5>\n<p>Pagamento com dinheiro vivo e im\u00f3veis com valores irreais s\u00e3o sinais claros da pr\u00e1tica criminosa. <br \/><a href=\"https:\/\/imoveis.estadao.com.br\/compra\/como-os-imoveis-sao-utilizados-na-lavagem-de-dinheiro\/\" target=\"_blank\" rel=\"noreferrer noopener\">Ler mais \u2192<\/a><\/p>\n<hr \/>\n<h5 class=\"wp-block-heading\">Cuidado com fraudes: saiba quem pode vender um im\u00f3vel e como se proteger de golpes<\/h5>\n<p>H\u00e1 exce\u00e7\u00f5es legais que permitem que algu\u00e9m que n\u00e3o seja o dono do im\u00f3vel realize a venda, mas fraudes s\u00e3o comuns. <br \/><a href=\"https:\/\/diariodonordeste.verdesmares.com.br\/opiniao\/colunistas\/germano-ribeiro\/cuidado-com-fraudes-saiba-quem-pode-vender-um-imovel-e-como-se-proteger-de-golpes-1.3638593\" target=\"_blank\" rel=\"noreferrer noopener\">Ler mais \u2192<\/a><\/p>\n<hr \/>\n<h5 class=\"wp-block-heading\">As sutis diferen\u00e7as que elevam o metro quadrado para R$ 50 mil<\/h5>\n<p>Os materiais e acabamentos que fazem os empreendimentos de luxo atingirem valores de at\u00e9 R$ 50.000 por metro quadrado. <br \/><a href=\"https:\/\/oantagonista.com.br\/imoveis\/as-sutis-diferencas-que-elevam-o-metro-quadrado-para-r-50-mil\/\" target=\"_blank\" rel=\"noreferrer noopener\">Ler mais \u2192<\/a><\/p>\n<hr \/>\n","protected":false},"excerpt":{"rendered":"<p>Em nosso artigo de abril de 2025: Minha Casa Minha Vida passou a contemplar fam\u00edlias com renda de at\u00e9 R$ 12 mil, ampliando o acesso \u00e0 moradia. Curitiba, Goi\u00e2nia e S\u00e3o Paulo se destacaram como as cidades mais atrativas para o mercado imobili\u00e1rio, enquanto os alugu\u00e9is continuam subindo, com Salvador registrando aumento de 33% em [&hellip;]<\/p>\n","protected":false},"author":7,"featured_media":0,"comment_status":"closed","ping_status":"closed","sticky":false,"template":"","format":"standard","meta":{"footnotes":""},"categories":[59],"tags":[90,147],"class_list":["post-6719","post","type-post","status-publish","format-standard","hentry","category-news","tag-noticias","tag-noticias-do-mercado-imobiliario"],"yoast_head":"<!-- This site is optimized with the Yoast SEO plugin v27.4 - https:\/\/yoast.com\/product\/yoast-seo-wordpress\/ -->\n<title>Not\u00edcias do mercado imobili\u00e1rio do m\u00eas de abril de 2025 - Blog de gest\u00e3o de im\u00f3veis para propriet\u00e1rios<\/title>\n<meta name=\"robots\" content=\"index, follow, max-snippet:-1, max-image-preview:large, max-video-preview:-1\" \/>\n<link rel=\"canonical\" href=\"https:\/\/www.rentila.com.br\/blog\/noticias-do-mercado-imobiliario-do-mes-de-abril-de-2025\/\" \/>\n<meta property=\"og:locale\" content=\"pt_BR\" \/>\n<meta property=\"og:type\" content=\"article\" \/>\n<meta property=\"og:title\" content=\"Not\u00edcias do mercado imobili\u00e1rio do m\u00eas de abril de 2025 - Blog de gest\u00e3o de im\u00f3veis para propriet\u00e1rios\" \/>\n<meta property=\"og:description\" content=\"Em nosso artigo de abril de 2025: Minha Casa Minha Vida passou a contemplar fam\u00edlias com renda de at\u00e9 R$ 12 mil, ampliando o acesso \u00e0 moradia. Curitiba, Goi\u00e2nia e S\u00e3o Paulo se destacaram como as cidades mais atrativas para o mercado imobili\u00e1rio, enquanto os alugu\u00e9is continuam subindo, com Salvador registrando aumento de 33% em [&hellip;]\" \/>\n<meta property=\"og:url\" content=\"https:\/\/www.rentila.com.br\/blog\/noticias-do-mercado-imobiliario-do-mes-de-abril-de-2025\/\" \/>\n<meta property=\"og:site_name\" content=\"Blog de gest\u00e3o de im\u00f3veis para propriet\u00e1rios\" \/>\n<meta property=\"article:publisher\" content=\"https:\/\/www.facebook.com\/Rentila-Espa%c3%b1a-234200993854422\/\" \/>\n<meta property=\"article:published_time\" content=\"2025-04-30T22:56:28+00:00\" \/>\n<meta property=\"article:modified_time\" content=\"2025-11-01T13:30:52+00:00\" \/>\n<meta name=\"author\" content=\"Krasi\" \/>\n<meta name=\"twitter:card\" content=\"summary_large_image\" \/>\n<meta name=\"twitter:label1\" content=\"Escrito por\" \/>\n\t<meta name=\"twitter:data1\" content=\"Krasi\" \/>\n\t<meta name=\"twitter:label2\" content=\"Est. tempo de leitura\" \/>\n\t<meta name=\"twitter:data2\" content=\"6 minutos\" \/>\n<script type=\"application\/ld+json\" class=\"yoast-schema-graph\">{\"@context\":\"https:\\\/\\\/schema.org\",\"@graph\":[{\"@type\":\"Article\",\"@id\":\"https:\\\/\\\/www.rentila.com.br\\\/blog\\\/noticias-do-mercado-imobiliario-do-mes-de-abril-de-2025\\\/#article\",\"isPartOf\":{\"@id\":\"https:\\\/\\\/www.rentila.com.br\\\/blog\\\/noticias-do-mercado-imobiliario-do-mes-de-abril-de-2025\\\/\"},\"author\":{\"name\":\"Krasi\",\"@id\":\"https:\\\/\\\/www.rentila.com.br\\\/blog\\\/#\\\/schema\\\/person\\\/c29493b90e4c4b81d08ed93e3320efe1\"},\"headline\":\"Not\u00edcias do mercado imobili\u00e1rio do m\u00eas de abril de 2025\",\"datePublished\":\"2025-04-30T22:56:28+00:00\",\"dateModified\":\"2025-11-01T13:30:52+00:00\",\"mainEntityOfPage\":{\"@id\":\"https:\\\/\\\/www.rentila.com.br\\\/blog\\\/noticias-do-mercado-imobiliario-do-mes-de-abril-de-2025\\\/\"},\"wordCount\":1091,\"image\":{\"@id\":\"https:\\\/\\\/www.rentila.com.br\\\/blog\\\/noticias-do-mercado-imobiliario-do-mes-de-abril-de-2025\\\/#primaryimage\"},\"thumbnailUrl\":\"https:\\\/\\\/www.rentila.com.br\\\/assets\\\/img\\\/blog\\\/blog_news_3.png\",\"keywords\":[\"Not\u00edcias\",\"noticias do mercado imobili\u00e1rio\"],\"articleSection\":[\"Not\u00edcias\"],\"inLanguage\":\"pt-BR\"},{\"@type\":\"WebPage\",\"@id\":\"https:\\\/\\\/www.rentila.com.br\\\/blog\\\/noticias-do-mercado-imobiliario-do-mes-de-abril-de-2025\\\/\",\"url\":\"https:\\\/\\\/www.rentila.com.br\\\/blog\\\/noticias-do-mercado-imobiliario-do-mes-de-abril-de-2025\\\/\",\"name\":\"Not\u00edcias do mercado imobili\u00e1rio do m\u00eas de abril de 2025 - Blog de gest\u00e3o de im\u00f3veis para propriet\u00e1rios\",\"isPartOf\":{\"@id\":\"https:\\\/\\\/www.rentila.com.br\\\/blog\\\/#website\"},\"primaryImageOfPage\":{\"@id\":\"https:\\\/\\\/www.rentila.com.br\\\/blog\\\/noticias-do-mercado-imobiliario-do-mes-de-abril-de-2025\\\/#primaryimage\"},\"image\":{\"@id\":\"https:\\\/\\\/www.rentila.com.br\\\/blog\\\/noticias-do-mercado-imobiliario-do-mes-de-abril-de-2025\\\/#primaryimage\"},\"thumbnailUrl\":\"https:\\\/\\\/www.rentila.com.br\\\/assets\\\/img\\\/blog\\\/blog_news_3.png\",\"datePublished\":\"2025-04-30T22:56:28+00:00\",\"dateModified\":\"2025-11-01T13:30:52+00:00\",\"author\":{\"@id\":\"https:\\\/\\\/www.rentila.com.br\\\/blog\\\/#\\\/schema\\\/person\\\/c29493b90e4c4b81d08ed93e3320efe1\"},\"breadcrumb\":{\"@id\":\"https:\\\/\\\/www.rentila.com.br\\\/blog\\\/noticias-do-mercado-imobiliario-do-mes-de-abril-de-2025\\\/#breadcrumb\"},\"inLanguage\":\"pt-BR\",\"potentialAction\":[{\"@type\":\"ReadAction\",\"target\":[\"https:\\\/\\\/www.rentila.com.br\\\/blog\\\/noticias-do-mercado-imobiliario-do-mes-de-abril-de-2025\\\/\"]}]},{\"@type\":\"ImageObject\",\"inLanguage\":\"pt-BR\",\"@id\":\"https:\\\/\\\/www.rentila.com.br\\\/blog\\\/noticias-do-mercado-imobiliario-do-mes-de-abril-de-2025\\\/#primaryimage\",\"url\":\"https:\\\/\\\/www.rentila.com.br\\\/assets\\\/img\\\/blog\\\/blog_news_3.png\",\"contentUrl\":\"https:\\\/\\\/www.rentila.com.br\\\/assets\\\/img\\\/blog\\\/blog_news_3.png\"},{\"@type\":\"BreadcrumbList\",\"@id\":\"https:\\\/\\\/www.rentila.com.br\\\/blog\\\/noticias-do-mercado-imobiliario-do-mes-de-abril-de-2025\\\/#breadcrumb\",\"itemListElement\":[{\"@type\":\"ListItem\",\"position\":1,\"name\":\"Home\",\"item\":\"https:\\\/\\\/www.rentila.com.br\\\/blog\\\/\"},{\"@type\":\"ListItem\",\"position\":2,\"name\":\"Not\u00edcias do mercado imobili\u00e1rio do m\u00eas de abril de 2025\"}]},{\"@type\":\"WebSite\",\"@id\":\"https:\\\/\\\/www.rentila.com.br\\\/blog\\\/#website\",\"url\":\"https:\\\/\\\/www.rentila.com.br\\\/blog\\\/\",\"name\":\"Blog de gest\u00e3o de im\u00f3veis para propriet\u00e1rios\",\"description\":\"Conselhos pr\u00e1ticos, not\u00edcias imobili\u00e1rias\",\"potentialAction\":[{\"@type\":\"SearchAction\",\"target\":{\"@type\":\"EntryPoint\",\"urlTemplate\":\"https:\\\/\\\/www.rentila.com.br\\\/blog\\\/?s={search_term_string}\"},\"query-input\":{\"@type\":\"PropertyValueSpecification\",\"valueRequired\":true,\"valueName\":\"search_term_string\"}}],\"inLanguage\":\"pt-BR\"},{\"@type\":\"Person\",\"@id\":\"https:\\\/\\\/www.rentila.com.br\\\/blog\\\/#\\\/schema\\\/person\\\/c29493b90e4c4b81d08ed93e3320efe1\",\"name\":\"Krasi\",\"image\":{\"@type\":\"ImageObject\",\"inLanguage\":\"pt-BR\",\"@id\":\"https:\\\/\\\/secure.gravatar.com\\\/avatar\\\/552ce5ddfd848d474a42199d1518219d1239e194c10fe8854baa7b156ceefdfa?s=96&d=mm&r=g\",\"url\":\"https:\\\/\\\/secure.gravatar.com\\\/avatar\\\/552ce5ddfd848d474a42199d1518219d1239e194c10fe8854baa7b156ceefdfa?s=96&d=mm&r=g\",\"contentUrl\":\"https:\\\/\\\/secure.gravatar.com\\\/avatar\\\/552ce5ddfd848d474a42199d1518219d1239e194c10fe8854baa7b156ceefdfa?s=96&d=mm&r=g\",\"caption\":\"Krasi\"},\"url\":\"https:\\\/\\\/www.rentila.com.br\\\/blog\\\/author\\\/krasi\\\/\"}]}<\/script>\n<!-- \/ Yoast SEO plugin. -->","yoast_head_json":{"title":"Not\u00edcias do mercado imobili\u00e1rio do m\u00eas de abril de 2025 - Blog de gest\u00e3o de im\u00f3veis para propriet\u00e1rios","robots":{"index":"index","follow":"follow","max-snippet":"max-snippet:-1","max-image-preview":"max-image-preview:large","max-video-preview":"max-video-preview:-1"},"canonical":"https:\/\/www.rentila.com.br\/blog\/noticias-do-mercado-imobiliario-do-mes-de-abril-de-2025\/","og_locale":"pt_BR","og_type":"article","og_title":"Not\u00edcias do mercado imobili\u00e1rio do m\u00eas de abril de 2025 - Blog de gest\u00e3o de im\u00f3veis para propriet\u00e1rios","og_description":"Em nosso artigo de abril de 2025: Minha Casa Minha Vida passou a contemplar fam\u00edlias com renda de at\u00e9 R$ 12 mil, ampliando o acesso \u00e0 moradia. Curitiba, Goi\u00e2nia e S\u00e3o Paulo se destacaram como as cidades mais atrativas para o mercado imobili\u00e1rio, enquanto os alugu\u00e9is continuam subindo, com Salvador registrando aumento de 33% em [&hellip;]","og_url":"https:\/\/www.rentila.com.br\/blog\/noticias-do-mercado-imobiliario-do-mes-de-abril-de-2025\/","og_site_name":"Blog de gest\u00e3o de im\u00f3veis para propriet\u00e1rios","article_publisher":"https:\/\/www.facebook.com\/Rentila-Espa%c3%b1a-234200993854422\/","article_published_time":"2025-04-30T22:56:28+00:00","article_modified_time":"2025-11-01T13:30:52+00:00","author":"Krasi","twitter_card":"summary_large_image","twitter_misc":{"Escrito por":"Krasi","Est. tempo de leitura":"6 minutos"},"schema":{"@context":"https:\/\/schema.org","@graph":[{"@type":"Article","@id":"https:\/\/www.rentila.com.br\/blog\/noticias-do-mercado-imobiliario-do-mes-de-abril-de-2025\/#article","isPartOf":{"@id":"https:\/\/www.rentila.com.br\/blog\/noticias-do-mercado-imobiliario-do-mes-de-abril-de-2025\/"},"author":{"name":"Krasi","@id":"https:\/\/www.rentila.com.br\/blog\/#\/schema\/person\/c29493b90e4c4b81d08ed93e3320efe1"},"headline":"Not\u00edcias do mercado imobili\u00e1rio do m\u00eas de abril de 2025","datePublished":"2025-04-30T22:56:28+00:00","dateModified":"2025-11-01T13:30:52+00:00","mainEntityOfPage":{"@id":"https:\/\/www.rentila.com.br\/blog\/noticias-do-mercado-imobiliario-do-mes-de-abril-de-2025\/"},"wordCount":1091,"image":{"@id":"https:\/\/www.rentila.com.br\/blog\/noticias-do-mercado-imobiliario-do-mes-de-abril-de-2025\/#primaryimage"},"thumbnailUrl":"https:\/\/www.rentila.com.br\/assets\/img\/blog\/blog_news_3.png","keywords":["Not\u00edcias","noticias do mercado imobili\u00e1rio"],"articleSection":["Not\u00edcias"],"inLanguage":"pt-BR"},{"@type":"WebPage","@id":"https:\/\/www.rentila.com.br\/blog\/noticias-do-mercado-imobiliario-do-mes-de-abril-de-2025\/","url":"https:\/\/www.rentila.com.br\/blog\/noticias-do-mercado-imobiliario-do-mes-de-abril-de-2025\/","name":"Not\u00edcias do mercado imobili\u00e1rio do m\u00eas de abril de 2025 - Blog de gest\u00e3o de im\u00f3veis para propriet\u00e1rios","isPartOf":{"@id":"https:\/\/www.rentila.com.br\/blog\/#website"},"primaryImageOfPage":{"@id":"https:\/\/www.rentila.com.br\/blog\/noticias-do-mercado-imobiliario-do-mes-de-abril-de-2025\/#primaryimage"},"image":{"@id":"https:\/\/www.rentila.com.br\/blog\/noticias-do-mercado-imobiliario-do-mes-de-abril-de-2025\/#primaryimage"},"thumbnailUrl":"https:\/\/www.rentila.com.br\/assets\/img\/blog\/blog_news_3.png","datePublished":"2025-04-30T22:56:28+00:00","dateModified":"2025-11-01T13:30:52+00:00","author":{"@id":"https:\/\/www.rentila.com.br\/blog\/#\/schema\/person\/c29493b90e4c4b81d08ed93e3320efe1"},"breadcrumb":{"@id":"https:\/\/www.rentila.com.br\/blog\/noticias-do-mercado-imobiliario-do-mes-de-abril-de-2025\/#breadcrumb"},"inLanguage":"pt-BR","potentialAction":[{"@type":"ReadAction","target":["https:\/\/www.rentila.com.br\/blog\/noticias-do-mercado-imobiliario-do-mes-de-abril-de-2025\/"]}]},{"@type":"ImageObject","inLanguage":"pt-BR","@id":"https:\/\/www.rentila.com.br\/blog\/noticias-do-mercado-imobiliario-do-mes-de-abril-de-2025\/#primaryimage","url":"https:\/\/www.rentila.com.br\/assets\/img\/blog\/blog_news_3.png","contentUrl":"https:\/\/www.rentila.com.br\/assets\/img\/blog\/blog_news_3.png"},{"@type":"BreadcrumbList","@id":"https:\/\/www.rentila.com.br\/blog\/noticias-do-mercado-imobiliario-do-mes-de-abril-de-2025\/#breadcrumb","itemListElement":[{"@type":"ListItem","position":1,"name":"Home","item":"https:\/\/www.rentila.com.br\/blog\/"},{"@type":"ListItem","position":2,"name":"Not\u00edcias do mercado imobili\u00e1rio do m\u00eas de abril de 2025"}]},{"@type":"WebSite","@id":"https:\/\/www.rentila.com.br\/blog\/#website","url":"https:\/\/www.rentila.com.br\/blog\/","name":"Blog de gest\u00e3o de im\u00f3veis para propriet\u00e1rios","description":"Conselhos pr\u00e1ticos, not\u00edcias imobili\u00e1rias","potentialAction":[{"@type":"SearchAction","target":{"@type":"EntryPoint","urlTemplate":"https:\/\/www.rentila.com.br\/blog\/?s={search_term_string}"},"query-input":{"@type":"PropertyValueSpecification","valueRequired":true,"valueName":"search_term_string"}}],"inLanguage":"pt-BR"},{"@type":"Person","@id":"https:\/\/www.rentila.com.br\/blog\/#\/schema\/person\/c29493b90e4c4b81d08ed93e3320efe1","name":"Krasi","image":{"@type":"ImageObject","inLanguage":"pt-BR","@id":"https:\/\/secure.gravatar.com\/avatar\/552ce5ddfd848d474a42199d1518219d1239e194c10fe8854baa7b156ceefdfa?s=96&d=mm&r=g","url":"https:\/\/secure.gravatar.com\/avatar\/552ce5ddfd848d474a42199d1518219d1239e194c10fe8854baa7b156ceefdfa?s=96&d=mm&r=g","contentUrl":"https:\/\/secure.gravatar.com\/avatar\/552ce5ddfd848d474a42199d1518219d1239e194c10fe8854baa7b156ceefdfa?s=96&d=mm&r=g","caption":"Krasi"},"url":"https:\/\/www.rentila.com.br\/blog\/author\/krasi\/"}]}},"_links":{"self":[{"href":"https:\/\/www.rentila.com.br\/blog\/wp-json\/wp\/v2\/posts\/6719","targetHints":{"allow":["GET"]}}],"collection":[{"href":"https:\/\/www.rentila.com.br\/blog\/wp-json\/wp\/v2\/posts"}],"about":[{"href":"https:\/\/www.rentila.com.br\/blog\/wp-json\/wp\/v2\/types\/post"}],"author":[{"embeddable":true,"href":"https:\/\/www.rentila.com.br\/blog\/wp-json\/wp\/v2\/users\/7"}],"replies":[{"embeddable":true,"href":"https:\/\/www.rentila.com.br\/blog\/wp-json\/wp\/v2\/comments?post=6719"}],"version-history":[{"count":3,"href":"https:\/\/www.rentila.com.br\/blog\/wp-json\/wp\/v2\/posts\/6719\/revisions"}],"predecessor-version":[{"id":7281,"href":"https:\/\/www.rentila.com.br\/blog\/wp-json\/wp\/v2\/posts\/6719\/revisions\/7281"}],"wp:attachment":[{"href":"https:\/\/www.rentila.com.br\/blog\/wp-json\/wp\/v2\/media?parent=6719"}],"wp:term":[{"taxonomy":"category","embeddable":true,"href":"https:\/\/www.rentila.com.br\/blog\/wp-json\/wp\/v2\/categories?post=6719"},{"taxonomy":"post_tag","embeddable":true,"href":"https:\/\/www.rentila.com.br\/blog\/wp-json\/wp\/v2\/tags?post=6719"}],"curies":[{"name":"wp","href":"https:\/\/api.w.org\/{rel}","templated":true}]}}