{"id":1694,"date":"2020-01-21T11:17:38","date_gmt":"2020-01-21T11:17:38","guid":{"rendered":"https:\/\/www.rentila.com.br\/blog\/?p=1694"},"modified":"2025-11-01T14:13:02","modified_gmt":"2025-11-01T14:13:02","slug":"entrega-das-chaves","status":"publish","type":"post","link":"https:\/\/www.rentila.com.br\/blog\/entrega-das-chaves\/","title":{"rendered":"Sa\u00edda ou mudan\u00e7a de inquilino: o que fazer na entrega das chaves?"},"content":{"rendered":"<div><img decoding=\"async\" class=\"alignleft size-full wp-image-516\" title=\"conseil\" src=\"https:\/\/www.rentila.com.br\/assets\/img\/blog\/blog_tenants.png\" alt=\"Sa\u00edda ou mudan\u00e7a de inquilino: o que fazer na entrega das chaves?\" width=\"100%\" height=\"\"><\/div>\n<div class=\"sommaire\">\n<div class=\"phase-content__flag phase-1\">Sum\u00e1rio<\/div>\n<ol>\n<li><a href=\"https:\/\/www.rentila.com.br\/blog\/entrega-das-chaves\/#1\">O passo a passo<\/a><\/li>\n<li><a href=\"https:\/\/www.rentila.com.br\/blog\/entrega-das-chaves\/#2\">Propriet\u00e1rio pede rescis\u00e3o<\/a><\/li>\n<li><a href=\"https:\/\/www.rentila.com.br\/blog\/entrega-das-chaves\/#3\"> Inquilino pede rescis\u00e3o<\/a><\/li>\n<li><a href=\"https:\/\/www.rentila.com.br\/blog\/entrega-das-chaves\/#4\">Multa<\/a><\/li>\n<li><a href=\"https:\/\/www.rentila.com.br\/blog\/entrega-das-chaves\/#5\">Importante lembrar<\/a><\/li>\n<\/ol>\n<\/div>\n<p class=\"lead\">Com o fim do contrato e a troca de inquilino, pelo motivo que for, \u00e9 preciso seguir algumas normas para que a entrega das chaves seja um processo simples.<\/p>\n<p class=\"lead\">S\u00e3o etapas antes e depois da sa\u00edda do im\u00f3vel a que tanto inquilino quanto propriet\u00e1rio devem estar atentos para evitar mol\u00e9stias futuras para ambas as partes.<\/p>\n<p><!--more--><\/p>\n<h2 id=\"1\">O passo a passo da entrega das chaves<\/h2>\n<p>Antes de mais nada, \u00e9 preciso saber que o encerramento de um contrato de aluguel, com a sa\u00edda ou mudan\u00e7a de inquilino, pede uma formaliza\u00e7\u00e3o por escrito com o objetivo de documentar a devolu\u00e7\u00e3o da resid\u00eancia.<\/p>\n<p>O termo de entrega assegura e legitima que o processo de entrega tenha sido realizado de forma completa. Mas, antes disso, outros detalhes requerem aten\u00e7\u00e3o especial para o cumprimento desta etapa, como a vistoria.<\/p>\n<p>Vistoriar o im\u00f3vel \u00e9 a regra b\u00e1sica a ser seguida a cada in\u00edcio ou fim de um contrato de loca\u00e7\u00e3o. Esta deve acontecer preferencialmente em presen\u00e7a do inquilino, para que este possa acompanhar todo o processo e se manifestar em caso de desacordo.<\/p>\n<p>Tudo isso para garantir que as condi\u00e7\u00f5es do im\u00f3vel estejam conformes com as quais foram entregues ao locador. Ser\u00e1 o momento de avaliar o bem como um todo, com olhos atentos a poss\u00edveis avarias.<\/p>\n<p>Se o propriet\u00e1rio constatar que a nova condi\u00e7\u00e3o do im\u00f3vel pede uma reforma, esta dever\u00e1 ficar a cargo do inquilino, que s\u00f3 poder\u00e1 deixar o im\u00f3vel ap\u00f3s cumprida essa fase. A defini\u00e7\u00e3o do pagamento dessa reforma, no entanto, precisa estar de acordo com o que foi assinado em contrato.<\/p>\n<p>Outra etapa fundamental \u00e9 a comprova\u00e7\u00e3o de que todas as d\u00edvidas tenham sido quitadas pelo locador, tais como taxas de condom\u00ednio, eletricidade, \u00e1gua, antigas reformas etc. Pe\u00e7a todos os comprovantes de pagamento antes de encerrar o contrato.<\/p>\n<p>Ap\u00f3s verificar em vistoria que o im\u00f3vel encontra-se em perfeitas condi\u00e7\u00f5es e estar em posse dos comprovantes de quita\u00e7\u00e3o dos d\u00e9bitos do inquilino, al\u00e9m de verificar o desligamento dos servi\u00e7os de eletricidade, \u00e1gua, internet e outros, que s\u00e3o tamb\u00e9m de responsabilidade do locador, \u00e9 chegada a hora da entrega das chaves, incluindo controles de port\u00f5es eletr\u00f4nicos e chaves-reserva.<\/p>\n<p>Tal procedimento n\u00e3o deve exceder o prazo de 30 dias, que poderia ser estendido a at\u00e9 90 dias como exce\u00e7\u00e3o aplicada quando o propriet\u00e1rio tenha solicitado a devolu\u00e7\u00e3o do im\u00f3vel para venda.<\/p>\n<p>Se o propriet\u00e1rio deixar de responsabilizar-se por qualquer fase do processo de devolu\u00e7\u00e3o do im\u00f3vel, ser\u00e1 pass\u00edvel cobran\u00e7a de taxas extras e multas.<\/p>\n<h2 id=\"2\">Propriet\u00e1rio pede rescis\u00e3o<\/h2>\n<p>A Lei do Inquilinato regulamenta que a rescis\u00e3o contratual de alugu\u00e9is pode ser iniciada por parte do locador quando o motivo for infra\u00e7\u00e3o contratual ou legal.<\/p>\n<p>Por descumprimento na quita\u00e7\u00e3o do aluguel ou falta de pagamento de outras contas relativas a ele, tamb\u00e9m ser\u00e1 dado ao propriet\u00e1rio todo o direito de reaver o im\u00f3vel.<\/p>\n<p>Tamb\u00e9m quando for necess\u00e1rio realizar reparos urgentes, o propriet\u00e1rio ter\u00e1 seu direito de rescindir o contrato garantido sempre e quando a reforma n\u00e3o possa ser realizada com o im\u00f3vel ocupado ou quando o inquilino n\u00e3o esteja de acordo com as obras.<\/p>\n<h2 id=\"3\">Inquilino pede rescis\u00e3o<\/h2>\n<p>J\u00e1 o inquilino goza de muito mais flexibilidade caso j\u00e1 n\u00e3o tenha interesse de seguir morando no im\u00f3vel. Sua contrapartida, na maioria dos casos, ser\u00e1 a multa rescis\u00f3ria.<\/p>\n<p>Mas, aten\u00e7\u00e3o, ela somente se aplicar\u00e1 se no contrato houver uma cl\u00e1usula estipulando multa por rescis\u00e3o contratual.<\/p>\n<p>Os inquilinos est\u00e3o liberados do pagamento de multa quando o motivo da rescis\u00e3o seja mudan\u00e7a de seu local de trabalho e quando o contrato de loca\u00e7\u00e3o seja por tempo indefinido ou n\u00e3o determine prazo de sa\u00edda do im\u00f3vel.<\/p>\n<h2 id=\"4\">Multa<\/h2>\n<p>O inquilino que decide deixar o im\u00f3vel antes do tempo vai precisar arcar com uma multa que, definida pelo artigo 4 da Lei do Inquilinato, ser\u00e1 proporcional ao tempo que resta para o fim do mesmo.<\/p>\n<p>A multa geralmente n\u00e3o excede o valor de tr\u00eas meses de aluguel, mas para voc\u00ea entender melhor, damos um exemplo.<\/p>\n<div class=\"alert alert-info\"><span class=\"lead\">Exemplo<\/span><\/p>\n<p>Se o valor do aluguel \u00e9 de R$ 2.100 para um contrato v\u00e1lido por 30 meses, mas o inquilino solicita a rescis\u00e3o no vig\u00e9simo m\u00eas, o valor da multa seria de R$ 700.<\/p>\n<p>Ou, em outras palavras:<\/p>\n<p>R$ 2.100 \/ 30 meses = R$ 70<\/p>\n<p>R$ 70 x os 10 meses que faltam at\u00e9 o fim do contrato = R$ 700 de multa.<\/p>\n<\/div>\n<h2 id=\"5\">Importante lembrar na hora da entrega das chaves<\/h2>\n<ul>\n<li>Quando o propriet\u00e1rio entrega o termo de entrega do im\u00f3vel aos antigos inquilinos, estes estar\u00e3o isentos de pagar qualquer outra taxa ou mensalidade referente ao aluguel, incluindo contas, IPTU etc.<\/li>\n<\/ul>\n<ul>\n<li>O inquilino deve entregar o im\u00f3vel com a limpeza e pintura em dia, al\u00e9m de realizar manuten\u00e7\u00e3o de paredes e portas<\/li>\n<\/ul>\n<ul>\n<li>Qualquer manuten\u00e7\u00e3o da estrutura do im\u00f3vel fica a cargo do propriet\u00e1rio, tais como pisos, grades, cercas el\u00e9tricas, vazamentos, infiltra\u00e7\u00f5es. O ideal \u00e9 que se aproveite o tempo entre a sa\u00edda de um inquilino e a entrada do pr\u00f3ximo para realizar reparos preventivos.<\/li>\n<\/ul>\n<ul>\n<li>Toda e qualquer benfeitoria feita pelo locat\u00e1rio precisa ser comunicada previamente ao locador, que n\u00e3o ter\u00e1, no fim do contrato, qualquer obriga\u00e7\u00e3o de ressarcir os gastos<\/li>\n<\/ul>\n<ul>\n<li>Se o locat\u00e1rio optar por levar consigo equipamentos que tenha instalado no im\u00f3vel, como m\u00e1quina de lavar lou\u00e7a e ar-condicionado, dever\u00e1 arcar com os custos de desinstala\u00e7\u00e3o<\/li>\n<\/ul>\n<ul>\n<li>Na hora da vistoria, cheque instala\u00e7\u00f5es hidr\u00e1ulicas e el\u00e9tricas, pintura interior e exterior, portas, janelas e esquadrias, ralos, mobili\u00e1rio original, garagem, jardim e os revestimentos<\/li>\n<\/ul>\n","protected":false},"excerpt":{"rendered":"<p>Sum\u00e1rio O passo a passo Propriet\u00e1rio pede rescis\u00e3o Inquilino pede rescis\u00e3o Multa Importante lembrar Com o fim do contrato e a troca de inquilino, pelo motivo que for, \u00e9 preciso seguir algumas normas para que a entrega das chaves seja um processo simples. S\u00e3o etapas antes e depois da sa\u00edda do im\u00f3vel a que tanto [&hellip;]<\/p>\n","protected":false},"author":4,"featured_media":0,"comment_status":"closed","ping_status":"closed","sticky":false,"template":"","format":"standard","meta":{"footnotes":""},"categories":[2],"tags":[],"class_list":["post-1694","post","type-post","status-publish","format-standard","hentry","category-basics"],"yoast_head":"<!-- This site is optimized with the Yoast SEO plugin v27.5 - https:\/\/yoast.com\/product\/yoast-seo-wordpress\/ -->\n<title>Sa\u00edda ou mudan\u00e7a de inquilino: o que fazer na entrega das chaves? - Blog de gest\u00e3o de im\u00f3veis para propriet\u00e1rios<\/title>\n<meta name=\"description\" content=\"Com o fim do contrato e a troca de inquilino, pelo motivo que for, \u00e9 preciso seguir algumas normas para que a entrega das chaves seja um processo simples.\" \/>\n<meta name=\"robots\" content=\"index, follow, max-snippet:-1, max-image-preview:large, max-video-preview:-1\" \/>\n<link rel=\"canonical\" href=\"https:\/\/www.rentila.com.br\/blog\/entrega-das-chaves\/\" \/>\n<meta property=\"og:locale\" content=\"pt_BR\" \/>\n<meta property=\"og:type\" content=\"article\" \/>\n<meta property=\"og:title\" content=\"Sa\u00edda ou mudan\u00e7a de inquilino: o que fazer na entrega das chaves? - Blog de gest\u00e3o de im\u00f3veis para propriet\u00e1rios\" \/>\n<meta property=\"og:description\" content=\"Com o fim do contrato e a troca de inquilino, pelo motivo que for, \u00e9 preciso seguir algumas normas para que a entrega das chaves seja um processo simples.\" \/>\n<meta property=\"og:url\" content=\"https:\/\/www.rentila.com.br\/blog\/entrega-das-chaves\/\" \/>\n<meta property=\"og:site_name\" content=\"Blog de gest\u00e3o de im\u00f3veis para propriet\u00e1rios\" \/>\n<meta property=\"article:publisher\" content=\"https:\/\/www.facebook.com\/Rentila-Espa%c3%b1a-234200993854422\/\" \/>\n<meta property=\"article:published_time\" content=\"2020-01-21T11:17:38+00:00\" \/>\n<meta property=\"article:modified_time\" content=\"2025-11-01T14:13:02+00:00\" \/>\n<meta name=\"author\" content=\"Rentila\" \/>\n<meta name=\"twitter:card\" content=\"summary_large_image\" \/>\n<meta name=\"twitter:label1\" content=\"Escrito por\" \/>\n\t<meta name=\"twitter:data1\" content=\"Rentila\" \/>\n\t<meta name=\"twitter:label2\" content=\"Est. tempo de leitura\" \/>\n\t<meta name=\"twitter:data2\" content=\"6 minutos\" \/>\n<script type=\"application\/ld+json\" class=\"yoast-schema-graph\">{\"@context\":\"https:\\\/\\\/schema.org\",\"@graph\":[{\"@type\":\"Article\",\"@id\":\"https:\\\/\\\/www.rentila.com.br\\\/blog\\\/entrega-das-chaves\\\/#article\",\"isPartOf\":{\"@id\":\"https:\\\/\\\/www.rentila.com.br\\\/blog\\\/entrega-das-chaves\\\/\"},\"author\":{\"name\":\"Rentila\",\"@id\":\"https:\\\/\\\/www.rentila.com.br\\\/blog\\\/#\\\/schema\\\/person\\\/69e85f4958e187e6ebfa75f658753a65\"},\"headline\":\"Sa\u00edda ou mudan\u00e7a de inquilino: o que fazer na entrega das chaves?\",\"datePublished\":\"2020-01-21T11:17:38+00:00\",\"dateModified\":\"2025-11-01T14:13:02+00:00\",\"mainEntityOfPage\":{\"@id\":\"https:\\\/\\\/www.rentila.com.br\\\/blog\\\/entrega-das-chaves\\\/\"},\"wordCount\":1014,\"image\":{\"@id\":\"https:\\\/\\\/www.rentila.com.br\\\/blog\\\/entrega-das-chaves\\\/#primaryimage\"},\"thumbnailUrl\":\"https:\\\/\\\/www.rentila.com.br\\\/assets\\\/img\\\/blog\\\/blog_tenants.png\",\"articleSection\":[\"Os b\u00e1sicos\"],\"inLanguage\":\"pt-BR\"},{\"@type\":\"WebPage\",\"@id\":\"https:\\\/\\\/www.rentila.com.br\\\/blog\\\/entrega-das-chaves\\\/\",\"url\":\"https:\\\/\\\/www.rentila.com.br\\\/blog\\\/entrega-das-chaves\\\/\",\"name\":\"Sa\u00edda ou mudan\u00e7a de inquilino: o que fazer na entrega das chaves? - Blog de gest\u00e3o de im\u00f3veis para propriet\u00e1rios\",\"isPartOf\":{\"@id\":\"https:\\\/\\\/www.rentila.com.br\\\/blog\\\/#website\"},\"primaryImageOfPage\":{\"@id\":\"https:\\\/\\\/www.rentila.com.br\\\/blog\\\/entrega-das-chaves\\\/#primaryimage\"},\"image\":{\"@id\":\"https:\\\/\\\/www.rentila.com.br\\\/blog\\\/entrega-das-chaves\\\/#primaryimage\"},\"thumbnailUrl\":\"https:\\\/\\\/www.rentila.com.br\\\/assets\\\/img\\\/blog\\\/blog_tenants.png\",\"datePublished\":\"2020-01-21T11:17:38+00:00\",\"dateModified\":\"2025-11-01T14:13:02+00:00\",\"author\":{\"@id\":\"https:\\\/\\\/www.rentila.com.br\\\/blog\\\/#\\\/schema\\\/person\\\/69e85f4958e187e6ebfa75f658753a65\"},\"description\":\"Com o fim do contrato e a troca de inquilino, pelo motivo que for, \u00e9 preciso seguir algumas normas para que a entrega das chaves seja um processo simples.\",\"breadcrumb\":{\"@id\":\"https:\\\/\\\/www.rentila.com.br\\\/blog\\\/entrega-das-chaves\\\/#breadcrumb\"},\"inLanguage\":\"pt-BR\",\"potentialAction\":[{\"@type\":\"ReadAction\",\"target\":[\"https:\\\/\\\/www.rentila.com.br\\\/blog\\\/entrega-das-chaves\\\/\"]}]},{\"@type\":\"ImageObject\",\"inLanguage\":\"pt-BR\",\"@id\":\"https:\\\/\\\/www.rentila.com.br\\\/blog\\\/entrega-das-chaves\\\/#primaryimage\",\"url\":\"https:\\\/\\\/www.rentila.com.br\\\/assets\\\/img\\\/blog\\\/blog_tenants.png\",\"contentUrl\":\"https:\\\/\\\/www.rentila.com.br\\\/assets\\\/img\\\/blog\\\/blog_tenants.png\"},{\"@type\":\"BreadcrumbList\",\"@id\":\"https:\\\/\\\/www.rentila.com.br\\\/blog\\\/entrega-das-chaves\\\/#breadcrumb\",\"itemListElement\":[{\"@type\":\"ListItem\",\"position\":1,\"name\":\"Home\",\"item\":\"https:\\\/\\\/www.rentila.com.br\\\/blog\\\/\"},{\"@type\":\"ListItem\",\"position\":2,\"name\":\"Sa\u00edda ou mudan\u00e7a de inquilino: o que fazer na entrega das chaves?\"}]},{\"@type\":\"WebSite\",\"@id\":\"https:\\\/\\\/www.rentila.com.br\\\/blog\\\/#website\",\"url\":\"https:\\\/\\\/www.rentila.com.br\\\/blog\\\/\",\"name\":\"Blog de gest\u00e3o de im\u00f3veis para propriet\u00e1rios\",\"description\":\"Conselhos pr\u00e1ticos, not\u00edcias imobili\u00e1rias\",\"potentialAction\":[{\"@type\":\"SearchAction\",\"target\":{\"@type\":\"EntryPoint\",\"urlTemplate\":\"https:\\\/\\\/www.rentila.com.br\\\/blog\\\/?s={search_term_string}\"},\"query-input\":{\"@type\":\"PropertyValueSpecification\",\"valueRequired\":true,\"valueName\":\"search_term_string\"}}],\"inLanguage\":\"pt-BR\"},{\"@type\":\"Person\",\"@id\":\"https:\\\/\\\/www.rentila.com.br\\\/blog\\\/#\\\/schema\\\/person\\\/69e85f4958e187e6ebfa75f658753a65\",\"name\":\"Rentila\",\"image\":{\"@type\":\"ImageObject\",\"inLanguage\":\"pt-BR\",\"@id\":\"https:\\\/\\\/secure.gravatar.com\\\/avatar\\\/c4fca21133a60c87d700e0dacc408e758b6e572296ec467d947953283975eea8?s=96&d=mm&r=g\",\"url\":\"https:\\\/\\\/secure.gravatar.com\\\/avatar\\\/c4fca21133a60c87d700e0dacc408e758b6e572296ec467d947953283975eea8?s=96&d=mm&r=g\",\"contentUrl\":\"https:\\\/\\\/secure.gravatar.com\\\/avatar\\\/c4fca21133a60c87d700e0dacc408e758b6e572296ec467d947953283975eea8?s=96&d=mm&r=g\",\"caption\":\"Rentila\"},\"url\":\"https:\\\/\\\/www.rentila.com.br\\\/blog\\\/author\\\/roumen\\\/\"}]}<\/script>\n<!-- \/ Yoast SEO plugin. -->","yoast_head_json":{"title":"Sa\u00edda ou mudan\u00e7a de inquilino: o que fazer na entrega das chaves? - Blog de gest\u00e3o de im\u00f3veis para propriet\u00e1rios","description":"Com o fim do contrato e a troca de inquilino, pelo motivo que for, \u00e9 preciso seguir algumas normas para que a entrega das chaves seja um processo simples.","robots":{"index":"index","follow":"follow","max-snippet":"max-snippet:-1","max-image-preview":"max-image-preview:large","max-video-preview":"max-video-preview:-1"},"canonical":"https:\/\/www.rentila.com.br\/blog\/entrega-das-chaves\/","og_locale":"pt_BR","og_type":"article","og_title":"Sa\u00edda ou mudan\u00e7a de inquilino: o que fazer na entrega das chaves? - Blog de gest\u00e3o de im\u00f3veis para propriet\u00e1rios","og_description":"Com o fim do contrato e a troca de inquilino, pelo motivo que for, \u00e9 preciso seguir algumas normas para que a entrega das chaves seja um processo simples.","og_url":"https:\/\/www.rentila.com.br\/blog\/entrega-das-chaves\/","og_site_name":"Blog de gest\u00e3o de im\u00f3veis para propriet\u00e1rios","article_publisher":"https:\/\/www.facebook.com\/Rentila-Espa%c3%b1a-234200993854422\/","article_published_time":"2020-01-21T11:17:38+00:00","article_modified_time":"2025-11-01T14:13:02+00:00","author":"Rentila","twitter_card":"summary_large_image","twitter_misc":{"Escrito por":"Rentila","Est. tempo de leitura":"6 minutos"},"schema":{"@context":"https:\/\/schema.org","@graph":[{"@type":"Article","@id":"https:\/\/www.rentila.com.br\/blog\/entrega-das-chaves\/#article","isPartOf":{"@id":"https:\/\/www.rentila.com.br\/blog\/entrega-das-chaves\/"},"author":{"name":"Rentila","@id":"https:\/\/www.rentila.com.br\/blog\/#\/schema\/person\/69e85f4958e187e6ebfa75f658753a65"},"headline":"Sa\u00edda ou mudan\u00e7a de inquilino: o que fazer na entrega das chaves?","datePublished":"2020-01-21T11:17:38+00:00","dateModified":"2025-11-01T14:13:02+00:00","mainEntityOfPage":{"@id":"https:\/\/www.rentila.com.br\/blog\/entrega-das-chaves\/"},"wordCount":1014,"image":{"@id":"https:\/\/www.rentila.com.br\/blog\/entrega-das-chaves\/#primaryimage"},"thumbnailUrl":"https:\/\/www.rentila.com.br\/assets\/img\/blog\/blog_tenants.png","articleSection":["Os b\u00e1sicos"],"inLanguage":"pt-BR"},{"@type":"WebPage","@id":"https:\/\/www.rentila.com.br\/blog\/entrega-das-chaves\/","url":"https:\/\/www.rentila.com.br\/blog\/entrega-das-chaves\/","name":"Sa\u00edda ou mudan\u00e7a de inquilino: o que fazer na entrega das chaves? - Blog de gest\u00e3o de im\u00f3veis para propriet\u00e1rios","isPartOf":{"@id":"https:\/\/www.rentila.com.br\/blog\/#website"},"primaryImageOfPage":{"@id":"https:\/\/www.rentila.com.br\/blog\/entrega-das-chaves\/#primaryimage"},"image":{"@id":"https:\/\/www.rentila.com.br\/blog\/entrega-das-chaves\/#primaryimage"},"thumbnailUrl":"https:\/\/www.rentila.com.br\/assets\/img\/blog\/blog_tenants.png","datePublished":"2020-01-21T11:17:38+00:00","dateModified":"2025-11-01T14:13:02+00:00","author":{"@id":"https:\/\/www.rentila.com.br\/blog\/#\/schema\/person\/69e85f4958e187e6ebfa75f658753a65"},"description":"Com o fim do contrato e a troca de inquilino, pelo motivo que for, \u00e9 preciso seguir algumas normas para que a entrega das chaves seja um processo simples.","breadcrumb":{"@id":"https:\/\/www.rentila.com.br\/blog\/entrega-das-chaves\/#breadcrumb"},"inLanguage":"pt-BR","potentialAction":[{"@type":"ReadAction","target":["https:\/\/www.rentila.com.br\/blog\/entrega-das-chaves\/"]}]},{"@type":"ImageObject","inLanguage":"pt-BR","@id":"https:\/\/www.rentila.com.br\/blog\/entrega-das-chaves\/#primaryimage","url":"https:\/\/www.rentila.com.br\/assets\/img\/blog\/blog_tenants.png","contentUrl":"https:\/\/www.rentila.com.br\/assets\/img\/blog\/blog_tenants.png"},{"@type":"BreadcrumbList","@id":"https:\/\/www.rentila.com.br\/blog\/entrega-das-chaves\/#breadcrumb","itemListElement":[{"@type":"ListItem","position":1,"name":"Home","item":"https:\/\/www.rentila.com.br\/blog\/"},{"@type":"ListItem","position":2,"name":"Sa\u00edda ou mudan\u00e7a de inquilino: o que fazer na entrega das chaves?"}]},{"@type":"WebSite","@id":"https:\/\/www.rentila.com.br\/blog\/#website","url":"https:\/\/www.rentila.com.br\/blog\/","name":"Blog de gest\u00e3o de im\u00f3veis para propriet\u00e1rios","description":"Conselhos pr\u00e1ticos, not\u00edcias imobili\u00e1rias","potentialAction":[{"@type":"SearchAction","target":{"@type":"EntryPoint","urlTemplate":"https:\/\/www.rentila.com.br\/blog\/?s={search_term_string}"},"query-input":{"@type":"PropertyValueSpecification","valueRequired":true,"valueName":"search_term_string"}}],"inLanguage":"pt-BR"},{"@type":"Person","@id":"https:\/\/www.rentila.com.br\/blog\/#\/schema\/person\/69e85f4958e187e6ebfa75f658753a65","name":"Rentila","image":{"@type":"ImageObject","inLanguage":"pt-BR","@id":"https:\/\/secure.gravatar.com\/avatar\/c4fca21133a60c87d700e0dacc408e758b6e572296ec467d947953283975eea8?s=96&d=mm&r=g","url":"https:\/\/secure.gravatar.com\/avatar\/c4fca21133a60c87d700e0dacc408e758b6e572296ec467d947953283975eea8?s=96&d=mm&r=g","contentUrl":"https:\/\/secure.gravatar.com\/avatar\/c4fca21133a60c87d700e0dacc408e758b6e572296ec467d947953283975eea8?s=96&d=mm&r=g","caption":"Rentila"},"url":"https:\/\/www.rentila.com.br\/blog\/author\/roumen\/"}]}},"_links":{"self":[{"href":"https:\/\/www.rentila.com.br\/blog\/wp-json\/wp\/v2\/posts\/1694","targetHints":{"allow":["GET"]}}],"collection":[{"href":"https:\/\/www.rentila.com.br\/blog\/wp-json\/wp\/v2\/posts"}],"about":[{"href":"https:\/\/www.rentila.com.br\/blog\/wp-json\/wp\/v2\/types\/post"}],"author":[{"embeddable":true,"href":"https:\/\/www.rentila.com.br\/blog\/wp-json\/wp\/v2\/users\/4"}],"replies":[{"embeddable":true,"href":"https:\/\/www.rentila.com.br\/blog\/wp-json\/wp\/v2\/comments?post=1694"}],"version-history":[{"count":9,"href":"https:\/\/www.rentila.com.br\/blog\/wp-json\/wp\/v2\/posts\/1694\/revisions"}],"predecessor-version":[{"id":7301,"href":"https:\/\/www.rentila.com.br\/blog\/wp-json\/wp\/v2\/posts\/1694\/revisions\/7301"}],"wp:attachment":[{"href":"https:\/\/www.rentila.com.br\/blog\/wp-json\/wp\/v2\/media?parent=1694"}],"wp:term":[{"taxonomy":"category","embeddable":true,"href":"https:\/\/www.rentila.com.br\/blog\/wp-json\/wp\/v2\/categories?post=1694"},{"taxonomy":"post_tag","embeddable":true,"href":"https:\/\/www.rentila.com.br\/blog\/wp-json\/wp\/v2\/tags?post=1694"}],"curies":[{"name":"wp","href":"https:\/\/api.w.org\/{rel}","templated":true}]}}